{"id":3570,"date":"2020-10-22T21:12:50","date_gmt":"2020-10-22T21:12:50","guid":{"rendered":"https:\/\/tvc16.com\/portal\/?p=3570"},"modified":"2020-10-22T21:12:50","modified_gmt":"2020-10-22T21:12:50","slug":"recadastramento-de-aposentados-esta-suspenso-ate-30-de-novembro","status":"publish","type":"post","link":"https:\/\/tvc16.com\/portal\/2020\/10\/22\/recadastramento-de-aposentados-esta-suspenso-ate-30-de-novembro\/","title":{"rendered":"Recadastramento de aposentados est\u00e1 suspenso at\u00e9 30 de novembro"},"content":{"rendered":"\n<h3 class=\"wp-block-heading\">Objetivo \u00e9 reduzir possibilidade de cont\u00e1gio dos benefici\u00e1rios<\/h3>\n\n\n\n<p><\/p>\n\n\n\n<h4 class=\"wp-block-heading\">Por Ag\u00eancia Brasil &#8211; Bras\u00edlia<\/h4>\n\n\n\n<p>A exig\u00eancia da prova de vida anual de servidores aposentados, pensionistas e anistiados pol\u00edticos civis est\u00e1 suspensa at\u00e9 o dia 30 de novembro de 2020. O Minist\u00e9rio da Economia publicou&nbsp;hoje&nbsp;(22)&nbsp;a&nbsp;<a href=\"http:\/\/www.in.gov.br\/web\/dou\/-\/instrucao-normativa-cgcap-n-103-de-21-de-outubro-de-2020-284432205\" target=\"_blank\" rel=\"noreferrer noopener\">Instru\u00e7\u00e3o Normativa<\/a>&nbsp;n\u00ba 103, que estabelece o novo per\u00edodo.<img decoding=\"async\" src=\"https:\/\/agenciabrasil.ebc.com.br\/ebc.png?id=1391284&amp;o=node\"><img decoding=\"async\" src=\"https:\/\/agenciabrasil.ebc.com.br\/ebc.gif?id=1391284&amp;o=node\"><\/p>\n\n\n\n<p>Anteriormente, o recadastramento estava suspenso at\u00e9 o fim&nbsp;deste m\u00eas. Segundo o Painel Estat\u00edstico de Pessoal, est\u00e3o nessa situa\u00e7\u00e3o em torno de 700 mil pessoas.<\/p>\n\n\n\n<p>A prova de vida anual obrigat\u00f3ria deixou de ser exigida desde o dia&nbsp;18 de mar\u00e7o de 2020, como medida de prote\u00e7\u00e3o no enfrentamento da pandemia do novo coronav\u00edrus. A medida, no entanto, n\u00e3o afeta o recebimento de proventos e pens\u00f5es.<\/p>\n\n\n\n<p>Aqueles que, excepcionalmente, tiveram o pagamento suspenso antes do dia&nbsp;18 de mar\u00e7o de 2020, podem solicitar, conforme Instru\u00e7\u00e3o Normativa n\u00ba 29, de 1\u00ba de abril de 2020, o seu restabelecimento. Para isso, \u00e9 preciso acessar o Sistema de Gest\u00e3o de Pessoas (Sigepe) e selecionar, em Requerimento, o documento \u201cRestabelecimento de Pagamento \u2013 Covid-19\u201d. O benefici\u00e1rio receber\u00e1 um comunicado do deferimento ou n\u00e3o do seu requerimento por&nbsp;<em>e-mail<\/em>, que \u00e9 enviado automaticamente pelo Sigepe.<\/p>\n\n\n\n<p>Segundo o minist\u00e9rio, ap\u00f3s esse procedimento, a Unidade de Gest\u00e3o de Pessoas de cada \u00f3rg\u00e3o e entidade da Administra\u00e7\u00e3o P\u00fablica Federal, a partir da confirma\u00e7\u00e3o do deferimento, dever\u00e1 realizar o restabelecimento excepcional, obedecendo ao cronograma mensal da folha de pagamento.<\/p>\n\n\n\n<p>A Secretaria de Gest\u00e3o e Desempenho de Pessoal do Minist\u00e9rio da Economia, \u00f3rg\u00e3o central da gest\u00e3o de pessoas da Administra\u00e7\u00e3o P\u00fablica Federal, informa que definir\u00e1, posteriormente, prazo e forma para realiza\u00e7\u00e3o da comprova\u00e7\u00e3o de vida daqueles que foram contemplados na suspens\u00e3o da Prova de Vida anual, assim como dos que tiveram o pagamento excepcionalmente restabelecido por solicita\u00e7\u00e3o via requerimento do Sigepe.<\/p>\n\n\n\n<p>Edi\u00e7\u00e3o: Gra\u00e7a Adjuto<\/p>\n","protected":false},"excerpt":{"rendered":"<p>Objetivo \u00e9 reduzir possibilidade de cont\u00e1gio dos benefici\u00e1rios Por Ag\u00eancia Brasil &#8211; Bras\u00edlia A exig\u00eancia<\/p>\n","protected":false},"author":2,"featured_media":3571,"comment_status":"open","ping_status":"open","sticky":false,"template":"","format":"standard","meta":{"footnotes":""},"categories":[18],"tags":[],"class_list":["post-3570","post","type-post","status-publish","format-standard","has-post-thumbnail","hentry","category-economia"],"_links":{"self":[{"href":"https:\/\/tvc16.com\/portal\/wp-json\/wp\/v2\/posts\/3570","targetHints":{"allow":["GET"]}}],"collection":[{"href":"https:\/\/tvc16.com\/portal\/wp-json\/wp\/v2\/posts"}],"about":[{"href":"https:\/\/tvc16.com\/portal\/wp-json\/wp\/v2\/types\/post"}],"author":[{"embeddable":true,"href":"https:\/\/tvc16.com\/portal\/wp-json\/wp\/v2\/users\/2"}],"replies":[{"embeddable":true,"href":"https:\/\/tvc16.com\/portal\/wp-json\/wp\/v2\/comments?post=3570"}],"version-history":[{"count":1,"href":"https:\/\/tvc16.com\/portal\/wp-json\/wp\/v2\/posts\/3570\/revisions"}],"predecessor-version":[{"id":3572,"href":"https:\/\/tvc16.com\/portal\/wp-json\/wp\/v2\/posts\/3570\/revisions\/3572"}],"wp:featuredmedia":[{"embeddable":true,"href":"https:\/\/tvc16.com\/portal\/wp-json\/wp\/v2\/media\/3571"}],"wp:attachment":[{"href":"https:\/\/tvc16.com\/portal\/wp-json\/wp\/v2\/media?parent=3570"}],"wp:term":[{"taxonomy":"category","embeddable":true,"href":"https:\/\/tvc16.com\/portal\/wp-json\/wp\/v2\/categories?post=3570"},{"taxonomy":"post_tag","embeddable":true,"href":"https:\/\/tvc16.com\/portal\/wp-json\/wp\/v2\/tags?post=3570"}],"curies":[{"name":"wp","href":"https:\/\/api.w.org\/{rel}","templated":true}]}}