{"id":3576,"date":"2020-10-22T21:16:02","date_gmt":"2020-10-22T21:16:02","guid":{"rendered":"https:\/\/tvc16.com\/portal\/?p=3576"},"modified":"2020-10-22T21:16:02","modified_gmt":"2020-10-22T21:16:02","slug":"governo-regulamenta-renegociacao-de-dividas-com-o-fies","status":"publish","type":"post","link":"https:\/\/tvc16.com\/portal\/2020\/10\/22\/governo-regulamenta-renegociacao-de-dividas-com-o-fies\/","title":{"rendered":"Governo regulamenta renegocia\u00e7\u00e3o de d\u00edvidas com o Fies"},"content":{"rendered":"\n<h3 class=\"wp-block-heading\">Medida entra em vigor em\u00a03 de novembro\u00a0e ades\u00e3o vai at\u00e9\u00a031 de dezembro<\/h3>\n\n\n\n<h4 class=\"wp-block-heading\">Por Andreia Verd\u00e9lio &#8211; Rep\u00f3rter da Ag\u00eancia Brasil &#8211; Bras\u00edlia<\/h4>\n\n\n\n<p>O governo federal regulamentou o programa que permite a renegocia\u00e7\u00e3o de d\u00edvidas de financiamentos&nbsp;concedidos com recursos do Fundo de Financiamento Estudantil (Fies). A medida estava prevista na&nbsp;<a href=\"https:\/\/agenciabrasil.ebc.com.br\/educacao\/noticia\/2020-07\/bolsonaro-sanciona-lei-que-suspende-pagamento-de-parcelas-do-fies\" target=\"_blank\" rel=\"noreferrer noopener\">Lei n\u00ba 14.024\/2020<\/a>, sancionada em julho, que suspendeu o pagamento de parcelas do Fies at\u00e9&nbsp;31 de dezembro, em raz\u00e3o da pandemia de covid-19.<img decoding=\"async\" src=\"https:\/\/agenciabrasil.ebc.com.br\/ebc.png?id=1391286&amp;o=node\"><img decoding=\"async\" src=\"https:\/\/agenciabrasil.ebc.com.br\/ebc.gif?id=1391286&amp;o=node\"><\/p>\n\n\n\n<p>A resolu\u00e7\u00e3o do Comit\u00ea Gestor do Fundo de Financiamento Estudantil, com as regras do programa, foi publicada&nbsp;hoje&nbsp;(22) no&nbsp;<em><a href=\"https:\/\/pesquisa.in.gov.br\/imprensa\/jsp\/visualiza\/index.jsp?data=22\/10\/2020&amp;jornal=515&amp;pagina=120\" target=\"_blank\" rel=\"noreferrer noopener\">Di\u00e1rio Oficial da Uni\u00e3o<\/a>.&nbsp;<\/em>A medida vale para os contratos assinados at\u00e9 o segundo semestre de 2017 e para os d\u00e9bitos vencidos e n\u00e3o pagos at\u00e9 o dia&nbsp;10 de julho&nbsp;deste ano, na fase de amortiza\u00e7\u00e3o, quando o estudante j\u00e1 concluiu o curso.<\/p>\n\n\n\n<p>A resolu\u00e7\u00e3o entra em vigor em&nbsp;3 de novembro&nbsp;e a ades\u00e3o ao programa poder\u00e1 ser solicitada ao banco at\u00e9&nbsp;31 de dezembro&nbsp;e ser\u00e1 efetuada mediante termo aditivo ao contrato de financiamento, podendo ser assinado eletronicamente pelos financiados e seus fiadores.<\/p>\n\n\n\n<p>No caso de quita\u00e7\u00e3o, em parcela \u00fanica, do d\u00e9bito vencido ou saldo devedor total, haver\u00e1 redu\u00e7\u00e3o de 100% dos encargos morat\u00f3rios, desde que o pagamento seja feito at\u00e9&nbsp;31 de dezembro. Tamb\u00e9m poder\u00e1 ser feita a liquida\u00e7\u00e3o do saldo devedor em quatro parcelas semestrais, at\u00e9&nbsp;31 de dezembro&nbsp;de 2022, ou 24 parcelas mensais, com redu\u00e7\u00e3o de 60% dos encargos e pagamento a partir de&nbsp;31 de mar\u00e7o de 2021.<\/p>\n\n\n\n<p>J\u00e1 os parcelamentos do saldo devedor feitos em 145 ou 175 parcelas mensais receber\u00e3o redu\u00e7\u00e3o de 40% e 25%, respectivamente, e os pagamentos come\u00e7am a partir&nbsp;de janeiro&nbsp;de 2021. Em caso de prorroga\u00e7\u00e3o do estado de calamidade p\u00fablica em raz\u00e3o da pandemia, ficar\u00e1 suspensa&nbsp;automaticamente a obriga\u00e7\u00e3o do pagamento da primeira parcela em janeiro, exceto no caso da liquida\u00e7\u00e3o total em parcela \u00fanica.<\/p>\n\n\n\n<p>O valor da parcela mensal resultante da renegocia\u00e7\u00e3o n\u00e3o poder\u00e1 ser inferior a R$ 200, mesmo que isso implique redu\u00e7\u00e3o do prazo m\u00e1ximo de parcelamento. Os descontos concedidos no programa s\u00e3o referentes apenas aos encargos morat\u00f3rios, permanecendo a cobran\u00e7a dos d\u00e9bitos contratuais.<\/p>\n\n\n\n<p>Ser\u00e1 permitida apenas uma renegocia\u00e7\u00e3o no \u00e2mbito do programa. Em caso de n\u00e3o pagamento de tr\u00eas parcelas consecutivas ou alternadas do saldo devedor renegociado, o cidad\u00e3o perder\u00e1 o direito ao desconto concedido sobre os encargos, e o valor correspondente ser\u00e1 reincorporado ao saldo devedor do financiamento.<\/p>\n\n\n\n<p>As pessoas que t\u00eam d\u00edvidas em discuss\u00e3o judicial e queiram aderir ao programa de regulariza\u00e7\u00e3o dever\u00e3o renunciar em ju\u00edzo \u00e0&nbsp;a\u00e7\u00e3o. Nesse caso, a ren\u00fancia sobre quaisquer alega\u00e7\u00f5es de direito \u00e9 irretrat\u00e1vel e n\u00e3o exime o autor da a\u00e7\u00e3o do pagamento de&nbsp;custas e honor\u00e1rios advocat\u00edcios.<\/p>\n\n\n\n<p>O Fies \u00e9 o programa do governo federal que tem o objetivo de facilitar o acesso ao cr\u00e9dito para financiamento de cursos de ensino superior oferecidos por institui\u00e7\u00f5es privadas. Criado em 1999, ele \u00e9 ofertado em duas modalidades desde 2018, por meio do Fies e do Programa de Financiamento Estudantil (P-Fies).<\/p>\n\n\n\n<p>O primeiro \u00e9 operado pelo governo federal, sem incid\u00eancia de juros, para estudantes que t\u00eam renda familiar de at\u00e9 tr\u00eas sal\u00e1rios m\u00ednimos por pessoa; o percentual m\u00e1ximo do valor do curso financiado \u00e9 definido de acordo com a renda familiar e os encargos educacionais cobrados pelas institui\u00e7\u00f5es de ensino. J\u00e1 o P-Fies funciona com recursos dos fundos constitucionais e dos bancos privados participantes, o que implica cobran\u00e7a de juros.<\/p>\n\n\n\n<p>Edi\u00e7\u00e3o: Gra\u00e7a Adjuto<\/p>\n","protected":false},"excerpt":{"rendered":"<p>Medida entra em vigor em\u00a03 de novembro\u00a0e ades\u00e3o vai at\u00e9\u00a031 de dezembro Por Andreia Verd\u00e9lio<\/p>\n","protected":false},"author":2,"featured_media":3577,"comment_status":"open","ping_status":"open","sticky":false,"template":"","format":"standard","meta":{"footnotes":""},"categories":[19],"tags":[],"class_list":["post-3576","post","type-post","status-publish","format-standard","has-post-thumbnail","hentry","category-educacao"],"_links":{"self":[{"href":"https:\/\/tvc16.com\/portal\/wp-json\/wp\/v2\/posts\/3576","targetHints":{"allow":["GET"]}}],"collection":[{"href":"https:\/\/tvc16.com\/portal\/wp-json\/wp\/v2\/posts"}],"about":[{"href":"https:\/\/tvc16.com\/portal\/wp-json\/wp\/v2\/types\/post"}],"author":[{"embeddable":true,"href":"https:\/\/tvc16.com\/portal\/wp-json\/wp\/v2\/users\/2"}],"replies":[{"embeddable":true,"href":"https:\/\/tvc16.com\/portal\/wp-json\/wp\/v2\/comments?post=3576"}],"version-history":[{"count":1,"href":"https:\/\/tvc16.com\/portal\/wp-json\/wp\/v2\/posts\/3576\/revisions"}],"predecessor-version":[{"id":3578,"href":"https:\/\/tvc16.com\/portal\/wp-json\/wp\/v2\/posts\/3576\/revisions\/3578"}],"wp:featuredmedia":[{"embeddable":true,"href":"https:\/\/tvc16.com\/portal\/wp-json\/wp\/v2\/media\/3577"}],"wp:attachment":[{"href":"https:\/\/tvc16.com\/portal\/wp-json\/wp\/v2\/media?parent=3576"}],"wp:term":[{"taxonomy":"category","embeddable":true,"href":"https:\/\/tvc16.com\/portal\/wp-json\/wp\/v2\/categories?post=3576"},{"taxonomy":"post_tag","embeddable":true,"href":"https:\/\/tvc16.com\/portal\/wp-json\/wp\/v2\/tags?post=3576"}],"curies":[{"name":"wp","href":"https:\/\/api.w.org\/{rel}","templated":true}]}}