{"id":3586,"date":"2020-10-22T23:04:15","date_gmt":"2020-10-22T23:04:15","guid":{"rendered":"https:\/\/tvc16.com\/portal\/?p=3586"},"modified":"2020-10-22T23:04:15","modified_gmt":"2020-10-22T23:04:15","slug":"defensoria-e-mprj-assinam-termo-de-cooperacao-para-prestar-assistencia-juridica-a-familiares-de-desaparecidos","status":"publish","type":"post","link":"https:\/\/tvc16.com\/portal\/2020\/10\/22\/defensoria-e-mprj-assinam-termo-de-cooperacao-para-prestar-assistencia-juridica-a-familiares-de-desaparecidos\/","title":{"rendered":"Defensoria e MPRJ assinam termo de coopera\u00e7\u00e3o para prestar assist\u00eancia jur\u00eddica a familiares de desaparecidos"},"content":{"rendered":"\n<p><\/p>\n\n\n\n<p><br>A Defensoria P\u00fablica do Rio, por meio do N\u00facleo de Defesa dos Direitos Humanos (Nudedh), e o Minist\u00e9rio P\u00fablico estadual (MPRJ) assinaram termo de coopera\u00e7\u00e3o que prev\u00ea a presta\u00e7\u00e3o de assist\u00eancia jur\u00eddica aos familiares de pessoas identificadas pelo Programa de Localiza\u00e7\u00e3o e Identifica\u00e7\u00e3o de Desaparecidos do MPRJ (PLID). O Nudedh atua no atendimento de fam\u00edlias cujos parentes morreram e foram sepultados pelo Estado \u00e0 revelia, sem busca e comunica\u00e7\u00e3o do \u00f3bito aos entes pr\u00f3ximos.<br><br>O acordo estabelece como obriga\u00e7\u00e3o comum cooperar para a erradica\u00e7\u00e3o dos casos de desaparecimento causados pela omiss\u00e3o estatal, em especial nos casos em que o Estado tem posse de informa\u00e7\u00f5es sobre a pessoa desaparecida e n\u00e3o \u00e9 diligente ao comunicar aos familiares sua localiza\u00e7\u00e3o.<br><br>&#8211; O PLID nos encaminha o caso, n\u00f3s conversamos com a fam\u00edlia e, quando h\u00e1 interesse deles, ajuizamos a\u00e7\u00e3o com pedido de indeniza\u00e7\u00e3o. Muitas fam\u00edlias passaram anos agoniadas sem not\u00edcia do seu parente e sem o direito ao luto&nbsp;&nbsp;&#8211; explica a defensora p\u00fablica do Nudedh, Gislaine Kepe, que ressalta que cerca de dez casos, em m\u00e9dia, s\u00e3o repassados todo m\u00eas ao n\u00facleo.<br><br>Gestor t\u00e9cnico do PLID\/MPRJ, Andr\u00e9 Luiz Cruz ressalta que n\u00e3o existe no Brasil um programa de assist\u00eancia jur\u00eddica para familiares de pessoas desaparecidas como o que est\u00e1 sendo estabelecido com o acordo de coopera\u00e7\u00e3o.&nbsp;<br><br>&#8211; O atendimento a essas pessoas ser\u00e1 mais qualificado. Haver\u00e1 uma atua\u00e7\u00e3o conjunta nos casos de desaparecidos por falhas do poder p\u00fablico &#8211; afirma.<br><br>O PLID&nbsp;opera a partir do cruzamento de dados produzidos por diversas fontes, p\u00fablicas e privadas, de forma a potencializar a\u00e7\u00f5es de busca em todo o territ\u00f3rio nacional.<\/p>\n","protected":false},"excerpt":{"rendered":"<p>A Defensoria P\u00fablica do Rio, por meio do N\u00facleo de Defesa dos Direitos Humanos (Nudedh),<\/p>\n","protected":false},"author":2,"featured_media":3587,"comment_status":"open","ping_status":"open","sticky":false,"template":"","format":"standard","meta":{"footnotes":""},"categories":[17],"tags":[],"class_list":["post-3586","post","type-post","status-publish","format-standard","has-post-thumbnail","hentry","category-outras-noticias"],"_links":{"self":[{"href":"https:\/\/tvc16.com\/portal\/wp-json\/wp\/v2\/posts\/3586","targetHints":{"allow":["GET"]}}],"collection":[{"href":"https:\/\/tvc16.com\/portal\/wp-json\/wp\/v2\/posts"}],"about":[{"href":"https:\/\/tvc16.com\/portal\/wp-json\/wp\/v2\/types\/post"}],"author":[{"embeddable":true,"href":"https:\/\/tvc16.com\/portal\/wp-json\/wp\/v2\/users\/2"}],"replies":[{"embeddable":true,"href":"https:\/\/tvc16.com\/portal\/wp-json\/wp\/v2\/comments?post=3586"}],"version-history":[{"count":1,"href":"https:\/\/tvc16.com\/portal\/wp-json\/wp\/v2\/posts\/3586\/revisions"}],"predecessor-version":[{"id":3588,"href":"https:\/\/tvc16.com\/portal\/wp-json\/wp\/v2\/posts\/3586\/revisions\/3588"}],"wp:featuredmedia":[{"embeddable":true,"href":"https:\/\/tvc16.com\/portal\/wp-json\/wp\/v2\/media\/3587"}],"wp:attachment":[{"href":"https:\/\/tvc16.com\/portal\/wp-json\/wp\/v2\/media?parent=3586"}],"wp:term":[{"taxonomy":"category","embeddable":true,"href":"https:\/\/tvc16.com\/portal\/wp-json\/wp\/v2\/categories?post=3586"},{"taxonomy":"post_tag","embeddable":true,"href":"https:\/\/tvc16.com\/portal\/wp-json\/wp\/v2\/tags?post=3586"}],"curies":[{"name":"wp","href":"https:\/\/api.w.org\/{rel}","templated":true}]}}