{"id":3592,"date":"2020-10-22T23:12:43","date_gmt":"2020-10-22T23:12:43","guid":{"rendered":"https:\/\/tvc16.com\/portal\/?p=3592"},"modified":"2020-10-22T23:12:43","modified_gmt":"2020-10-22T23:12:43","slug":"estado-do-rj-passa-de-20-mil-mortes-causadas-pela-covid-19","status":"publish","type":"post","link":"https:\/\/tvc16.com\/portal\/2020\/10\/22\/estado-do-rj-passa-de-20-mil-mortes-causadas-pela-covid-19\/","title":{"rendered":"Estado do RJ passa de 20 mil mortes causadas pela Covid-19"},"content":{"rendered":"\n<p><strong>Boletim Coronav\u00edrus (22\/10):\u00a020.021\u00a0\u00f3bitos e\u00a0295.021\u00a0casos confirmados no RJ<\/strong><\/p>\n\n\n\n<p>A Secretaria de Estado de Sa\u00fade do Rio de Janeiro informa que registra, at\u00e9 esta quinta-feira (22\/10),\u00a0295.021casos confirmados e\u00a020.021\u00f3bitos por coronav\u00edrus (Covid-19) no Estado. H\u00e1 ainda\u00a0434<strong>\u00a0<\/strong>\u00f3bitos em investiga\u00e7\u00e3o e\u00a02.150\u00a0foram descartados. Entre os casos confirmados,\u00a0270.824\u00a0pacientes se recuperaram da doen\u00e7a.<\/p>\n","protected":false},"excerpt":{"rendered":"<p>Boletim Coronav\u00edrus (22\/10):\u00a020.021\u00a0\u00f3bitos e\u00a0295.021\u00a0casos confirmados no RJ A Secretaria de Estado de Sa\u00fade do Rio<\/p>\n","protected":false},"author":2,"featured_media":3593,"comment_status":"open","ping_status":"open","sticky":false,"template":"","format":"standard","meta":{"footnotes":""},"categories":[17],"tags":[],"class_list":["post-3592","post","type-post","status-publish","format-standard","has-post-thumbnail","hentry","category-outras-noticias"],"_links":{"self":[{"href":"https:\/\/tvc16.com\/portal\/wp-json\/wp\/v2\/posts\/3592","targetHints":{"allow":["GET"]}}],"collection":[{"href":"https:\/\/tvc16.com\/portal\/wp-json\/wp\/v2\/posts"}],"about":[{"href":"https:\/\/tvc16.com\/portal\/wp-json\/wp\/v2\/types\/post"}],"author":[{"embeddable":true,"href":"https:\/\/tvc16.com\/portal\/wp-json\/wp\/v2\/users\/2"}],"replies":[{"embeddable":true,"href":"https:\/\/tvc16.com\/portal\/wp-json\/wp\/v2\/comments?post=3592"}],"version-history":[{"count":1,"href":"https:\/\/tvc16.com\/portal\/wp-json\/wp\/v2\/posts\/3592\/revisions"}],"predecessor-version":[{"id":3594,"href":"https:\/\/tvc16.com\/portal\/wp-json\/wp\/v2\/posts\/3592\/revisions\/3594"}],"wp:featuredmedia":[{"embeddable":true,"href":"https:\/\/tvc16.com\/portal\/wp-json\/wp\/v2\/media\/3593"}],"wp:attachment":[{"href":"https:\/\/tvc16.com\/portal\/wp-json\/wp\/v2\/media?parent=3592"}],"wp:term":[{"taxonomy":"category","embeddable":true,"href":"https:\/\/tvc16.com\/portal\/wp-json\/wp\/v2\/categories?post=3592"},{"taxonomy":"post_tag","embeddable":true,"href":"https:\/\/tvc16.com\/portal\/wp-json\/wp\/v2\/tags?post=3592"}],"curies":[{"name":"wp","href":"https:\/\/api.w.org\/{rel}","templated":true}]}}