{"id":3595,"date":"2020-10-22T23:15:18","date_gmt":"2020-10-22T23:15:18","guid":{"rendered":"https:\/\/tvc16.com\/portal\/?p=3595"},"modified":"2020-10-22T23:15:18","modified_gmt":"2020-10-22T23:15:18","slug":"tempo-um-ativo-cada-dia-mais-valioso","status":"publish","type":"post","link":"https:\/\/tvc16.com\/portal\/2020\/10\/22\/tempo-um-ativo-cada-dia-mais-valioso\/","title":{"rendered":"TEMPO: UM ATIVO CADA DIA MAIS VALIOSO"},"content":{"rendered":"\n<p><\/p>\n\n\n\n<p><em>Por Marcus Matta, CEO da Prime You<\/em><\/p>\n\n\n\n<p>A percep\u00e7\u00e3o do tempo e da import\u00e2ncia que ele tem para a sociedade tem mudado ao longo dos anos e, a cada dia que passa, percebe-se que esse \u00e9 o bem mais valioso que o indiv\u00edduo tem a sua disposi\u00e7\u00e3o, embora, infelizmente, ele seja finito. Sendo assim, saber como utiliz\u00e1-lo da melhor e mais eficiente maneira \u00e9 fundamental para o bem-estar, para a felicidade e a vida de qualquer pessoa. Partindo desse pressuposto, gerenciar os minutos que dispendemos para algumas atividades durante o dia tornou-se essencial.<\/p>\n\n\n\n<p>Outro aspecto que deve ser considerado nesta equa\u00e7\u00e3o n\u00e3o \u00e9 apenas o tempo livre, mas o quanto custa cada hora perdida dentro do conjunto das nossas prioridades, comparativamente ao valor da nossa hora de trabalho e ao que ela pode representar em termos de ganhos auferidos com o melhor aproveitamento do nosso tempo. Se considerarmos como refer\u00eancia o valor de cada hora trabalhada de diretores, presidentes ou executivos de multinacionais, que possuem sal\u00e1rios que ultrapassam centenas de milhares de reais, por exemplo, cada minuto perdido para se locomover custa muito aos acionistas. Por isso, o tempo \u00e9 um importante ativo que precisa ser considerado e equacionado pelo gestor.<\/p>\n\n\n\n<p>Com o passar dos anos, o mercado percebeu a necessidade de criar sa\u00eddas mais inteligentes, eficientes e menos onerosas para otimizar o tempo das pessoas e auxiliar no gerenciamento empresarial.<\/p>\n\n\n\n<p>Um modelo que vem crescendo bastante, e chamado aten\u00e7\u00e3o das empresas e dos executivos, \u00e9 a compra compartilhada de jatos e helic\u00f3pteros, que possibilitam viagens mais r\u00e1pidas, pesam menos no bolso e demandam menos ou nenhum trabalho na administra\u00e7\u00e3o desses bens. A economia compartilhada, modelo econ\u00f4mico baseado no consumo colaborativo e atividades de compartilhamento de bens, \u00e9 uma tend\u00eancia constatada em pesquisa realizada pela PricewaterhouseCoopers com foco na gera\u00e7\u00e3o Y. Segundo 78% dos entrevistados, o compartilhamento de bens constr\u00f3i uma comunidade mais forte, enquanto 83% concordam que esse tipo de neg\u00f3cio torna a vida mais conveniente e eficiente. Nesse contexto, a previs\u00e3o \u00e9 que a economia de compartilhamento siga crescendo no mundo todo e chegue a movimentar US$ 335 bilh\u00f5es por ano em 2025.<\/p>\n\n\n\n<p>Atualmente, adquirir uma aeronave executiva por meio de propriedade compartilhada, passou a ser n\u00e3o s\u00f3 uma quest\u00e3o de luxo, mas muito mais sobre a forma de consumir, uma forma mais inteligente, conveniente e, inclusive, sustent\u00e1vel, em que se compartilha o bem com outras pessoas ou empresas, economizando tempo e dinheiro. Esse tipo de neg\u00f3cio \u00e9 uma solu\u00e7\u00e3o que atende as necessidades de uma sociedade que tem cada vez menos tempo livre e que valoriza muito as experi\u00eancias individuais, a qualidade de vida e a sustentabilidade. Por isso, \u00e9 uma tend\u00eancia que s\u00f3 tende a se fortalecer, no contexto de uma sociedade mais consciente sobre o consumo.<\/p>\n","protected":false},"excerpt":{"rendered":"<p>Por Marcus Matta, CEO da Prime You A percep\u00e7\u00e3o do tempo e da import\u00e2ncia que<\/p>\n","protected":false},"author":2,"featured_media":3596,"comment_status":"open","ping_status":"open","sticky":false,"template":"","format":"standard","meta":{"footnotes":""},"categories":[17],"tags":[],"class_list":["post-3595","post","type-post","status-publish","format-standard","has-post-thumbnail","hentry","category-outras-noticias"],"_links":{"self":[{"href":"https:\/\/tvc16.com\/portal\/wp-json\/wp\/v2\/posts\/3595","targetHints":{"allow":["GET"]}}],"collection":[{"href":"https:\/\/tvc16.com\/portal\/wp-json\/wp\/v2\/posts"}],"about":[{"href":"https:\/\/tvc16.com\/portal\/wp-json\/wp\/v2\/types\/post"}],"author":[{"embeddable":true,"href":"https:\/\/tvc16.com\/portal\/wp-json\/wp\/v2\/users\/2"}],"replies":[{"embeddable":true,"href":"https:\/\/tvc16.com\/portal\/wp-json\/wp\/v2\/comments?post=3595"}],"version-history":[{"count":1,"href":"https:\/\/tvc16.com\/portal\/wp-json\/wp\/v2\/posts\/3595\/revisions"}],"predecessor-version":[{"id":3597,"href":"https:\/\/tvc16.com\/portal\/wp-json\/wp\/v2\/posts\/3595\/revisions\/3597"}],"wp:featuredmedia":[{"embeddable":true,"href":"https:\/\/tvc16.com\/portal\/wp-json\/wp\/v2\/media\/3596"}],"wp:attachment":[{"href":"https:\/\/tvc16.com\/portal\/wp-json\/wp\/v2\/media?parent=3595"}],"wp:term":[{"taxonomy":"category","embeddable":true,"href":"https:\/\/tvc16.com\/portal\/wp-json\/wp\/v2\/categories?post=3595"},{"taxonomy":"post_tag","embeddable":true,"href":"https:\/\/tvc16.com\/portal\/wp-json\/wp\/v2\/tags?post=3595"}],"curies":[{"name":"wp","href":"https:\/\/api.w.org\/{rel}","templated":true}]}}