{"id":3598,"date":"2020-10-22T23:24:51","date_gmt":"2020-10-22T23:24:51","guid":{"rendered":"https:\/\/tvc16.com\/portal\/?p=3598"},"modified":"2020-10-22T23:24:51","modified_gmt":"2020-10-22T23:24:51","slug":"live-inedita-comemora-aniversario-do-coral-das-meninas-dos-canarinhos","status":"publish","type":"post","link":"https:\/\/tvc16.com\/portal\/2020\/10\/22\/live-inedita-comemora-aniversario-do-coral-das-meninas-dos-canarinhos\/","title":{"rendered":"Live in\u00e9dita comemora anivers\u00e1rio do Coral das Meninas dos Canarinhos"},"content":{"rendered":"\n<p><em>Apresenta\u00e7\u00e3o contar\u00e1 com lan\u00e7amento da m\u00fasica \u201cPanis Angelicus\u201d<\/em><\/p>\n\n\n\n<p>Os 32 anos do Coral das Meninas dos Canarinhos de Petr\u00f3polis ser\u00e1 comemorado em grande estilo. O grupo musical far\u00e1 um concerto on-line no pr\u00f3ximo s\u00e1bado, dia 24, \u00e0s 18h. A apresenta\u00e7\u00e3o com reg\u00eancia do maestro Marcelo Vizani, ser\u00e1 transmitida na p\u00e1gina dos Canarinhos no Facebook e no YouTube da TV Franciscanos. Para marcar a data, o coral far\u00e1 o lan\u00e7amento da m\u00fasica \u201cPanis Angelicus\u201d, do compositor C\u00e9sar Franck.<\/p>\n\n\n\n<p>\u201cPreparamos tudo com muito carinho para tentarmos contar esses 32 anos de hist\u00f3ria. Tivemos a felicidade de conseguirmos contatar 110 meninas, de v\u00e1rias gera\u00e7\u00f5es, desde o primeiro ano do coral que relembraram a \u00e9poca em que eram cantoras e puderam dividir conosco a import\u00e2ncia desta experi\u00eancia para a vida profissional delas, independente de terem seguido carreira musical ou n\u00e3o\u201d, adiantou o maestro Marcelo Vizani, que est\u00e1 \u00e0 frente do coral das Meninas dos Canarinhos h\u00e1 22 anos.<\/p>\n\n\n\n<p>Depoimentos, fotografias e muita m\u00fasica far\u00e3o parte do concerto. O repert\u00f3rio contar\u00e1 com onze composi\u00e7\u00f5es, entre m\u00fasicas populares e sacras. \u201cFaremos um grande t\u00fanel do tempo, resgatando apresenta\u00e7\u00f5es realizadas ainda sobre reg\u00eancia do maestro Gilberto Bittencourt e da maestrina Silvia Muniz\u201d, contou Vizani. Ao todo, 110 ex-cantoras participaram do evento, 60 delas cantar\u00e3o junto com a forma\u00e7\u00e3o atual do coral para o lan\u00e7amento da m\u00fasica \u201cPanis Angelicus\u201d, do compositor C\u00e9sar Franck. \u201cEscolhemos a Panis Angelicus porque foi uma m\u00fasica cantada ao longo de toda a trajet\u00f3ria do coral. \u00c9 uma can\u00e7\u00e3o muito utilizada e muito significativa, al\u00e9m de muito bonita\u201d, avaliou o maestro, contando que o evento tamb\u00e9m reservas surpresas.<\/p>\n\n\n\n<p>\u201c\u00c9 muito importante para o Instituto dos Meninos Cantores celebrarmos os 32 anos do Coral das Meninas, especialmente neste ano t\u00e3o diferente. A grava\u00e7\u00e3o desta nova m\u00fasica \u00e9 a forma que temos de expressar nossa esperan\u00e7a de que tudo acabe bem. Para as meninas tamb\u00e9m \u00e9 um momento especial para mostrar todo o trabalho realizado durante esses meses. Parabenizo o maestro Marcelo Vizani, as meninas e toda a equipe pelo trabalho destes 32 anos. Esperamos que no pr\u00f3ximo ano possamos voltar com as atividades presenciais, com os concertos e as missas e que as meninas possam continuar exercendo sua miss\u00e3o que \u00e9 levar a palavra de Deus atrav\u00e9s da m\u00fasica\u201d, declarou o presidente do IMCP, frei Marcos.O Coral das Meninas dos Canarinhos de Petr\u00f3polis foi fundado, em 1998, pelo frei Jos\u00e9 Luis Prim. O coro possui um repert\u00f3rio de m\u00fasica sacra, folcl\u00f3rica e popular. Em seus 32 anos de hist\u00f3ria, coleciona apresenta\u00e7\u00f5es memor\u00e1veis e participa\u00e7\u00f5es em grandes projetos, incluindo turn\u00eas pelo Brasil e em Portugal. Entre os destaques da carreira do coral est\u00e1 o lan\u00e7amento do primeiro cd \u201cMemorare\u201d, em 2014, com regrava\u00e7\u00f5es e tr\u00eas can\u00e7\u00f5es in\u00e9ditas, compostas especialmente para o \u00e1lbum.\u00a0<\/p>\n","protected":false},"excerpt":{"rendered":"<p>Apresenta\u00e7\u00e3o contar\u00e1 com lan\u00e7amento da m\u00fasica \u201cPanis Angelicus\u201d Os 32 anos do Coral das Meninas<\/p>\n","protected":false},"author":2,"featured_media":3600,"comment_status":"open","ping_status":"open","sticky":false,"template":"","format":"standard","meta":{"footnotes":""},"categories":[12],"tags":[],"class_list":["post-3598","post","type-post","status-publish","format-standard","has-post-thumbnail","hentry","category-cidade"],"_links":{"self":[{"href":"https:\/\/tvc16.com\/portal\/wp-json\/wp\/v2\/posts\/3598","targetHints":{"allow":["GET"]}}],"collection":[{"href":"https:\/\/tvc16.com\/portal\/wp-json\/wp\/v2\/posts"}],"about":[{"href":"https:\/\/tvc16.com\/portal\/wp-json\/wp\/v2\/types\/post"}],"author":[{"embeddable":true,"href":"https:\/\/tvc16.com\/portal\/wp-json\/wp\/v2\/users\/2"}],"replies":[{"embeddable":true,"href":"https:\/\/tvc16.com\/portal\/wp-json\/wp\/v2\/comments?post=3598"}],"version-history":[{"count":1,"href":"https:\/\/tvc16.com\/portal\/wp-json\/wp\/v2\/posts\/3598\/revisions"}],"predecessor-version":[{"id":3602,"href":"https:\/\/tvc16.com\/portal\/wp-json\/wp\/v2\/posts\/3598\/revisions\/3602"}],"wp:featuredmedia":[{"embeddable":true,"href":"https:\/\/tvc16.com\/portal\/wp-json\/wp\/v2\/media\/3600"}],"wp:attachment":[{"href":"https:\/\/tvc16.com\/portal\/wp-json\/wp\/v2\/media?parent=3598"}],"wp:term":[{"taxonomy":"category","embeddable":true,"href":"https:\/\/tvc16.com\/portal\/wp-json\/wp\/v2\/categories?post=3598"},{"taxonomy":"post_tag","embeddable":true,"href":"https:\/\/tvc16.com\/portal\/wp-json\/wp\/v2\/tags?post=3598"}],"curies":[{"name":"wp","href":"https:\/\/api.w.org\/{rel}","templated":true}]}}