{"id":3612,"date":"2020-10-22T23:40:40","date_gmt":"2020-10-22T23:40:40","guid":{"rendered":"https:\/\/tvc16.com\/portal\/?p=3612"},"modified":"2020-10-22T23:40:40","modified_gmt":"2020-10-22T23:40:40","slug":"andre-cintra-relembra-historia-da-protese-enviada-pelo-correio-e-chegada-as-olimpiadas-mudou-a-minha-vida","status":"publish","type":"post","link":"https:\/\/tvc16.com\/portal\/2020\/10\/22\/andre-cintra-relembra-historia-da-protese-enviada-pelo-correio-e-chegada-as-olimpiadas-mudou-a-minha-vida\/","title":{"rendered":"Andr\u00e9 Cintra relembra hist\u00f3ria da pr\u00f3tese enviada pelo Correio e chegada \u00e0s Olimp\u00edadas: &#8220;Mudou a minha vida&#8221;"},"content":{"rendered":"\n<p>Praticante de esportes radicais nunca havia imaginado se tornar um atleta e inspirar milhares de pessoas<\/p>\n\n\n\n<p>IZABELLA MACEDO\u00a0PUBLICADO EM 22\/10\/2020, \u00c0S 17H21<\/p>\n\n\n\n<p>Em 2018, ainda muito novo e ap\u00f3s conquistar a sua primeira moto,&nbsp;<strong>Andr\u00e9 Cintra<\/strong>&nbsp;sofreu um acidente e teve que&nbsp;<a href=\"https:\/\/sportbuzz.uol.com.br\/noticias\/lutas-mma\/lutador-de-ufc-anthony-smith-admite-ja-ter-pensado-em-amputar-o-dedo-para-voltar-aos-octogonos.phtml\">amputar um pouco acima do joelho da perna direita.<\/a><\/p>\n\n\n\n<p>J\u00e1 praticante de esportes desde crian\u00e7a, ele n\u00e3o desanimou e viu uma nova oportunidade para continuar fazendo as mesmas atividades que gostava e ainda&nbsp;<a href=\"https:\/\/sportbuzz.uol.com.br\/noticias\/outros-esportes\/itens-que-todo-apaixonado-por-uma-boa-aventura-precisa-ter.phtml\">se aventurar em modalidades que n\u00e3o conhecia.<\/a><\/p>\n\n\n\n<p>Snowboarder e praticante de esportes radicais, em uma entrevista exclusiva para o\u00a0<strong>SportBuzz<\/strong>, Andr\u00e9 contou sobre a sua hist\u00f3ria no esporte, a descoberta do amor pelo snowboard e tamb\u00e9m\u00a0<strong>como<\/strong>\u00a0inspira milhares de pessoas a continuarem.<\/p>\n\n\n\n<p>Em 2018, ainda muito novo e ap\u00f3s conquistar a sua primeira moto,&nbsp;<strong>Andr\u00e9 Cintra<\/strong>&nbsp;sofreu um acidente e teve que&nbsp;<a href=\"https:\/\/sportbuzz.uol.com.br\/noticias\/lutas-mma\/lutador-de-ufc-anthony-smith-admite-ja-ter-pensado-em-amputar-o-dedo-para-voltar-aos-octogonos.phtml\">amputar um pouco acima do joelho da perna direita.<\/a><\/p>\n\n\n\n<p>J\u00e1 praticante de esportes desde crian\u00e7a, ele n\u00e3o desanimou e viu uma nova oportunidade para continuar fazendo as mesmas atividades que gostava e ainda&nbsp;<a href=\"https:\/\/sportbuzz.uol.com.br\/noticias\/outros-esportes\/itens-que-todo-apaixonado-por-uma-boa-aventura-precisa-ter.phtml\">se aventurar em modalidades que n\u00e3o conhecia.<\/a><\/p>\n\n\n\n<p>Snowboarder e praticante de esportes radicais, em uma entrevista exclusiva para o\u00a0<strong>SportBuzz<\/strong>, Andr\u00e9 contou sobre a sua hist\u00f3ria no esporte, a descoberta do amor pelo snowboard e tamb\u00e9m\u00a0<strong>como<\/strong>\u00a0inspira milhares de pessoas a continuarem<\/p>\n\n\n\n<p><strong>NASCE UM ATLETA OL\u00cdMPICO<\/strong><\/p>\n\n\n\n<p>Hoje, empres\u00e1rio e atleta,&nbsp;<strong>Andr\u00e9<\/strong>&nbsp;conta que apesar de sempre estar conectado com o esporte, andando de skate e praticando os demais esportes radicais, nunca passou pela sua cabe\u00e7a se&nbsp;<a href=\"https:\/\/sportbuzz.uol.com.br\/noticias\/outros-esportes\/surfista-brasileiro-cego-pega-ondas-perigosas-no-taiti-em-praia-conhecida-como-quebra-cranios.phtml\">tornar um atleta ol\u00edmpico.<\/a><\/p>\n\n\n\n<p><em>&#8220;Eu sempre gostei de praticar esporte, mas eu nunca tinha pensado em me tornar atleta, at\u00e9 quando realmente surgiu a oportunidade do C\u00f4mite Paral\u00edmpico Brasileiro me convidar para tentar fazer o trabalho pelo Brasil, mas nunca tinha pensado em ser atleta profissional e um dia chegar em uma Olimp\u00edada,<\/em>&nbsp;disse.<\/p>\n\n\n\n<p><em>&#8220;Se aquele dia que eu sofri o acidente, me vi em uma maca de hospital, se naquele dia algu\u00e9m tivesse me falado que um dia eu ia chegar em uma paraolimp\u00edadas pelo Brasil eu jamais teria acreditado&#8221;<\/em>, completou.<\/p>\n\n\n\n<p><strong>A FOR\u00c7A NA RECUPERA\u00c7\u00c3O<\/strong><\/p>\n\n\n\n<p>Por ter sofrido o acidente ainda muito jovem, a adapta\u00e7\u00e3o e aceita\u00e7\u00e3o passam por diferentes est\u00e1gios. Para&nbsp;<strong>Andr\u00e9<\/strong>, esse percurso n\u00e3o foi nada f\u00e1cil, mas a chave para seguir em frente \u00e9 trabalhar a mente.<\/p>\n\n\n\n<p><em>&#8220;\u00c9 um processo dif\u00edcil, n\u00e3o \u00e9 um processo f\u00e1cil e acho que tem v\u00e1rias coisas diferentes. Tem a quest\u00e3o f\u00edsica, \u00f3bvio, a protetisa\u00e7\u00e3o, toda essa parte, mas tamb\u00e9m tem uma quest\u00e3o importante que \u00e9 a quest\u00e3o emocional e principalmente a quest\u00e3o mental. Como que a gente lida mentalmente com esse tipo de situa\u00e7\u00e3o&#8221;,<\/em>&nbsp;falou<\/p>\n\n\n\n<p><strong>OS TREINOS NA PANDEMIA<\/strong><\/p>\n\n\n\n<p>Por conta da pandemia de coronav\u00edrus, muitos atletas tiveram que adaptar seus treinos para dentro de casa.<\/p>\n\n\n\n<p>No entanto, no caso do&nbsp;<strong>Andr\u00e9<\/strong>, que pratica um esporte na neve, \u00e9 muito dif\u00edcil encontrar algum espa\u00e7o no Brasil que suporte o treinamento desta modalidade, e ainda dentro de uma pandemia se tornou praticamente imposs\u00edvel.<\/p>\n\n\n\n<p>Para isso, ele conta que teve que se virar como p\u00f4de e assim que viu a reabertura de algumas atividades, logo voltou para a sua rotina, mesmo que ainda restrita.<\/p>\n\n\n\n<p><em>&#8220;As primeiras semanas e at\u00e9 o primeiro e segundo m\u00eas, eles foram super dif\u00edceis porque tudo tinha fechado, ent\u00e3o a gente n\u00e3o podia viajar, n\u00e3o podia ir para outro pa\u00eds, as academias estavam fechadas, ent\u00e3o nas primeiras semanas eu acabei ficando sem fazer muita coisa, mas depois devagarzinho fui adaptando meus treinos para dentro de casa e assim que as coisas come\u00e7aram a abrir eu comecei a praticar os esportes outdoor&#8221;,<\/em>&nbsp;contou.<\/p>\n\n\n\n<p>Com o in\u00edcio do retorno das atividades,\u00a0<strong>Andr\u00e9<\/strong>\u00a0passou a velejar, correr e praticar os esportes que ele j\u00e1 estava acostumado, mas ainda assim com uma frequ\u00eancia menor por conta de o deslocamento ainda estar restrito.<\/p>\n\n\n\n<p>Depois de ter sofrido o acidente,&nbsp;<strong>Andr\u00e9<\/strong>&nbsp;teve a iniciativa de construir suas pr\u00f3prias pr\u00f3teses para os diferentes esportes que gostava de praticar.<\/p>\n\n\n\n<p><em>&#8220;Depois que eu comecei a construir minhas pr\u00f3prias pr\u00f3teses e a\u00ed vi que construindo as pr\u00f3teses eu conseguia fazer os esportes que eu queria, mesmo sendo esportes radicais, mesmo sendo esportes de \u00e1gua, ent\u00e3o isso foi mudando realmente meu posicionamento sobre o problema&#8221;,<\/em>&nbsp;analisa.<\/p>\n\n\n\n<p>Durante uma viagem para os Estados Unidos,&nbsp;<strong>Andr\u00e9<\/strong>&nbsp;ficou sabendo de uma pr\u00f3tese desenvolvida por um snowboarder que tinha acabado de chegar da guerra pelo ex\u00e9rcito e teve que amputar a perna.<\/p>\n\n\n\n<p>Como tamb\u00e9m gostava de esportes, ele desenvolveu uma pr\u00f3tese espec\u00edfica para a neve, que logo chamou a aten\u00e7\u00e3o do iniciante no snowboard.<\/p>\n\n\n\n<p><em>&#8220;A pr\u00f3tese enviada pelo Correio mudou a minha vida porque eu j\u00e1 tinha desejo de fazer o snowboard, mas eu n\u00e3o tinha uma pr\u00f3tese espec\u00edfica ent\u00e3o eu tentei fazer o snowboard com uma pr\u00f3tese que eu j\u00e1 tinha e foi um fracasso, acabei caindo e me frustando&#8221;.<\/em><\/p>\n\n\n\n<p><em>&#8220;Eu liguei para a empresa, pedi para eles me enviarem a pr\u00f3tese e a menina deu risada e falou &#8216;nossa cara, voc\u00ea \u00e9 maluco, ningu\u00e9m compra uma pr\u00f3tese pelo Correio&#8217;, mas foi muito engra\u00e7ado porque essa decis\u00e3o mudou a minha vida&#8221;,<\/em>&nbsp;conta.<\/p>\n\n\n\n<p><strong>O FRIOZINHO NA BARRIGA<\/strong><\/p>\n\n\n\n<p>Come\u00e7ando em uma modalidade nova, que nunca tinha sido praticada e logo estar em uma competi\u00e7\u00e3o com os melhores nomes do esporte deixa qualquer um nervoso.<\/p>\n\n\n\n<p>\u00c9 nesse momento que as famosas &#8216;borboletas na barriga&#8217; chegam para mostrar que voc\u00ea est\u00e1 no caminho certo e te colocam ainda mais para frente, assim como acontece com&nbsp;<strong>Andr\u00e9<\/strong>&nbsp;desde sua primeira competi\u00e7\u00e3o.<\/p>\n\n\n\n<p><em>&#8220;Na verdade o frio na barriga ele \u00e9 cont\u00ednuo, acho que n\u00e3o teve uma vez que eu competi que eu n\u00e3o tive frio na barriga. Acho que as borboletas na barriga elas sempre aparecem antes de uma competi\u00e7\u00e3o e \u00e9 muito legal tamb\u00e9m porque&nbsp; \u00e9 esse tipo de sensa\u00e7\u00e3o que as vezes a gente carrega para uma competi\u00e7\u00e3o que faz com que a gente sinta que cada competi\u00e7\u00e3o ela \u00e9 especial, ela \u00e9 \u00fanica, ela \u00e9 diferente&#8221;.<\/em><\/p>\n\n\n\n<p><em>&#8220;Eu sempre me surpreendo. As vezes eu acho que vou chegar na competi\u00e7\u00e3o e falar &#8216;n\u00e3o, eu j\u00e1 estou super acostumado, j\u00e1 competi muitas vezes, agora est\u00e1 tudo certo&#8217; e a\u00ed quando chega l\u00e1 que eu percebo que l\u00e1 vem de novo as borboletas pela barriga&#8221;.<\/em><\/p>\n\n\n\n<p><strong>ANDR\u00c9 COMO INSPIRA\u00c7\u00c3O<\/strong><\/p>\n\n\n\n<p>Justamente por essa for\u00e7a de vontade e foco em n\u00e3o desistir que&nbsp;<strong>Andr\u00e9<\/strong>&nbsp;serve de inspira\u00e7\u00e3o para diversas pessoas, que estejam com pr\u00f3teses ou n\u00e3o, a acreditarem em seus objetivos e seguirem em frente.<\/p>\n\n\n\n<p>Mesmo uma hist\u00f3ria inspiradora, a inten\u00e7\u00e3o do atleta nunca foi se tornar uma refer\u00eancia de forma proposital, mas acabou acontecendo e ele fica feliz por isso.<\/p>\n\n\n\n<p><em>&#8220;Isso nunca foi meu objetivo, nunca pensei que algu\u00e9m pudesse se inspirar, mas isso acabou acontecendo at\u00e9 por uma quest\u00e3o natural mesmo, por eu ter passado por esse tipo de problema antes das pessoas e acabei sendo um pouco de refer\u00eancia por conta disso, acabei passando por esse tipo de problema muito cedo, muito jovem e as pessoas que est\u00e3o passando por esse problema agora acabam procurando refer\u00eancias e acabam encontrando um pouco do que eu fiz e me procurando para que eu possa ajud\u00e1-los na parte de pr\u00f3teses&#8221;,<\/em>\u00a0ressalta.<\/p>\n\n\n\n<p><a href=\"https:\/\/sportbuzz.uol.com.br\/\">https:\/\/sportbuzz.uol.com.br\/<\/a><\/p>\n","protected":false},"excerpt":{"rendered":"<p>Praticante de esportes radicais nunca havia imaginado se tornar um atleta e inspirar milhares de<\/p>\n","protected":false},"author":2,"featured_media":3613,"comment_status":"open","ping_status":"open","sticky":false,"template":"","format":"standard","meta":{"footnotes":""},"categories":[20],"tags":[],"class_list":["post-3612","post","type-post","status-publish","format-standard","has-post-thumbnail","hentry","category-esporte"],"_links":{"self":[{"href":"https:\/\/tvc16.com\/portal\/wp-json\/wp\/v2\/posts\/3612","targetHints":{"allow":["GET"]}}],"collection":[{"href":"https:\/\/tvc16.com\/portal\/wp-json\/wp\/v2\/posts"}],"about":[{"href":"https:\/\/tvc16.com\/portal\/wp-json\/wp\/v2\/types\/post"}],"author":[{"embeddable":true,"href":"https:\/\/tvc16.com\/portal\/wp-json\/wp\/v2\/users\/2"}],"replies":[{"embeddable":true,"href":"https:\/\/tvc16.com\/portal\/wp-json\/wp\/v2\/comments?post=3612"}],"version-history":[{"count":1,"href":"https:\/\/tvc16.com\/portal\/wp-json\/wp\/v2\/posts\/3612\/revisions"}],"predecessor-version":[{"id":3614,"href":"https:\/\/tvc16.com\/portal\/wp-json\/wp\/v2\/posts\/3612\/revisions\/3614"}],"wp:featuredmedia":[{"embeddable":true,"href":"https:\/\/tvc16.com\/portal\/wp-json\/wp\/v2\/media\/3613"}],"wp:attachment":[{"href":"https:\/\/tvc16.com\/portal\/wp-json\/wp\/v2\/media?parent=3612"}],"wp:term":[{"taxonomy":"category","embeddable":true,"href":"https:\/\/tvc16.com\/portal\/wp-json\/wp\/v2\/categories?post=3612"},{"taxonomy":"post_tag","embeddable":true,"href":"https:\/\/tvc16.com\/portal\/wp-json\/wp\/v2\/tags?post=3612"}],"curies":[{"name":"wp","href":"https:\/\/api.w.org\/{rel}","templated":true}]}}