{"id":3615,"date":"2020-10-22T23:43:39","date_gmt":"2020-10-22T23:43:39","guid":{"rendered":"https:\/\/tvc16.com\/portal\/?p=3615"},"modified":"2020-10-22T23:43:39","modified_gmt":"2020-10-22T23:43:39","slug":"mais-de-47-milhoes-ja-votaram-em-eleicoes-dos-eua-superando-2016","status":"publish","type":"post","link":"https:\/\/tvc16.com\/portal\/2020\/10\/22\/mais-de-47-milhoes-ja-votaram-em-eleicoes-dos-eua-superando-2016\/","title":{"rendered":"Mais de 47 milh\u00f5es j\u00e1 votaram em elei\u00e7\u00f5es dos EUA, superando 2016"},"content":{"rendered":"\n<h3 class=\"wp-block-heading\">Elei\u00e7\u00f5es norte-americanas ocorrem dia 3 de novembro<\/h3>\n\n\n\n<h4 class=\"wp-block-heading\">Por Jason Lange &#8211; Rep\u00f3rter da Reuters &#8211; Washington<\/h4>\n\n\n\n<figure class=\"wp-block-image\"><a href=\"https:\/\/br.reuters.com\/\" target=\"_blank\" rel=\"noreferrer noopener\"><img decoding=\"async\" src=\"https:\/\/agenciabrasil.ebc.com.br\/sites\/default\/files\/styles\/269x0\/public\/logo_parceiros\/logo_reuters.jpg?itok=1pP189Lc\" alt=\"Reuters\"\/><\/a><\/figure>\n\n\n\n<p>Mais de 47 milh\u00f5es de eleitores norte-americanos j\u00e1 votaram antes das elei\u00e7\u00f5es do dia 3 de novembro, superando 12 dias antes da data de vota\u00e7\u00e3o o total de votos antecipados da elei\u00e7\u00e3o de 2016, de acordo com dados compilados pelo Projeto Elei\u00e7\u00f5es dos EUA.<img decoding=\"async\" src=\"https:\/\/agenciabrasil.ebc.com.br\/ebc.png?id=1391332&amp;o=node\"><img decoding=\"async\" src=\"https:\/\/agenciabrasil.ebc.com.br\/ebc.gif?id=1391332&amp;o=node\"><\/p>\n\n\n\n<p>Mais de 47 milh\u00f5es de norte-americanos j\u00e1 entregaram suas c\u00e9dulas, n\u00famero aproximadamente oito vezes maior que os votos antecipados feitos no mesmo ponto antecedendo a disputa presidencial de 2016.&nbsp;<\/p>\n\n\n\n<p>O alto n\u00famero ocorre ap\u00f3s muitos Estados expandirem a possibilidade de vota\u00e7\u00e3o por correspond\u00eancia ou presencial antecipada como uma maneira mais segura de votar durante a pandemia e mostra uma disposi\u00e7\u00e3o do eleitorado em participar da decis\u00e3o do futuro pol\u00edtico de Donald Trump, que enfrenta um desafio duro por parte do democrata Joe Biden.&nbsp;<\/p>\n\n\n\n<p>Biden lidera nas pesquisas nacionais de opini\u00e3o, embora as pesquisas nos Estados cruciais indiquem uma disputa mais apertada.&nbsp;<\/p>\n\n\n\n<p>O grande n\u00famero de votos antecipados levou Michael McDonald, o professor da Universidade da Fl\u00f3rida que administra o Projeto Elei\u00e7\u00f5es dos EUA, a prever um comparecimento recorde de aproximadamente 150 milh\u00f5es de eleitores, representando 65% do eleitorado, maior percentual desde 1908.<\/p>\n","protected":false},"excerpt":{"rendered":"<p>Elei\u00e7\u00f5es norte-americanas ocorrem dia 3 de novembro Por Jason Lange &#8211; Rep\u00f3rter da Reuters &#8211;<\/p>\n","protected":false},"author":2,"featured_media":3616,"comment_status":"open","ping_status":"open","sticky":false,"template":"","format":"standard","meta":{"footnotes":""},"categories":[22],"tags":[],"class_list":["post-3615","post","type-post","status-publish","format-standard","has-post-thumbnail","hentry","category-internacional"],"_links":{"self":[{"href":"https:\/\/tvc16.com\/portal\/wp-json\/wp\/v2\/posts\/3615","targetHints":{"allow":["GET"]}}],"collection":[{"href":"https:\/\/tvc16.com\/portal\/wp-json\/wp\/v2\/posts"}],"about":[{"href":"https:\/\/tvc16.com\/portal\/wp-json\/wp\/v2\/types\/post"}],"author":[{"embeddable":true,"href":"https:\/\/tvc16.com\/portal\/wp-json\/wp\/v2\/users\/2"}],"replies":[{"embeddable":true,"href":"https:\/\/tvc16.com\/portal\/wp-json\/wp\/v2\/comments?post=3615"}],"version-history":[{"count":1,"href":"https:\/\/tvc16.com\/portal\/wp-json\/wp\/v2\/posts\/3615\/revisions"}],"predecessor-version":[{"id":3617,"href":"https:\/\/tvc16.com\/portal\/wp-json\/wp\/v2\/posts\/3615\/revisions\/3617"}],"wp:featuredmedia":[{"embeddable":true,"href":"https:\/\/tvc16.com\/portal\/wp-json\/wp\/v2\/media\/3616"}],"wp:attachment":[{"href":"https:\/\/tvc16.com\/portal\/wp-json\/wp\/v2\/media?parent=3615"}],"wp:term":[{"taxonomy":"category","embeddable":true,"href":"https:\/\/tvc16.com\/portal\/wp-json\/wp\/v2\/categories?post=3615"},{"taxonomy":"post_tag","embeddable":true,"href":"https:\/\/tvc16.com\/portal\/wp-json\/wp\/v2\/tags?post=3615"}],"curies":[{"name":"wp","href":"https:\/\/api.w.org\/{rel}","templated":true}]}}