{"id":3618,"date":"2020-10-22T23:45:16","date_gmt":"2020-10-22T23:45:16","guid":{"rendered":"https:\/\/tvc16.com\/portal\/?p=3618"},"modified":"2020-10-22T23:45:16","modified_gmt":"2020-10-22T23:45:16","slug":"ue-pede-reforma-da-oms-e-novas-abordagens-para-pandemias","status":"publish","type":"post","link":"https:\/\/tvc16.com\/portal\/2020\/10\/22\/ue-pede-reforma-da-oms-e-novas-abordagens-para-pandemias\/","title":{"rendered":"UE pede reforma da OMS e novas abordagens para pandemias"},"content":{"rendered":"\n<h3 class=\"wp-block-heading\">O esbo\u00e7o da proposta foi elaborado pelo governo alem\u00e3o<\/h3>\n\n\n\n<h4 class=\"wp-block-heading\">Por Francesco Guarascio e Andreas Rinke &#8211; Reuters * &#8211; Bruxelas e Berlim<\/h4>\n\n\n\n<figure class=\"wp-block-image\"><a href=\"https:\/\/br.reuters.com\/\" target=\"_blank\" rel=\"noreferrer noopener\"><img decoding=\"async\" src=\"https:\/\/agenciabrasil.ebc.com.br\/sites\/default\/files\/styles\/269x0\/public\/logo_parceiros\/logo_reuters.jpg?itok=1pP189Lc\" alt=\"Reuters\"\/><\/a><\/figure>\n\n\n\n<p>A Uni\u00e3o Europeia quer que a Organiza\u00e7\u00e3o Mundial da Sa\u00fade (OMS) seja mais transparente a respeito da maneira como os pa\u00edses relatam crises de sa\u00fade emergentes, diz o esbo\u00e7o de uma proposta de reforma da ag\u00eancia das Na\u00e7\u00f5es Unidas, na esteira das cr\u00edticas \u00e0 rea\u00e7\u00e3o inicial da China \u00e0 pandemia da covid-19.<img decoding=\"async\" src=\"https:\/\/agenciabrasil.ebc.com.br\/ebc.png?id=1391303&amp;o=node\"><img decoding=\"async\" src=\"https:\/\/agenciabrasil.ebc.com.br\/ebc.gif?id=1391303&amp;o=node\"><\/p>\n\n\n\n<p>O esbo\u00e7o, elaborado pelo governo alem\u00e3o depois de conversas com outros pa\u00edses-membros, \u00e9 o mais recente a delinear os planos de meses da UE para tratar das defici\u00eancias da OMS no tocante a financiamento, governan\u00e7a e poderes legais.<\/p>\n\n\n\n<p>O documento, de 19 de outubro, visto pela Reuters, exorta a OMS a adotar medidas que aumentariam a &#8220;transpar\u00eancia sobre o cumprimento nacional&#8221; das Regula\u00e7\u00f5es Internacionais de Sa\u00fade, que exigem que os pa\u00edses-membros compartilhem informa\u00e7\u00f5es sobre emerg\u00eancias de sa\u00fade rapidamente.<\/p>\n\n\n\n<p>Os Estados Unidos acusaram a OMS de ser pr\u00f3xima demais da China na primeira fase da pandemia, quando Pequim teria demorado para compartilhar informa\u00e7\u00f5es cruciais sobre o novo coronav\u00edrus (covid-19), surgido na cidade de Wuhan.<\/p>\n\n\n\n<p>O presidente dos EUA, Donald Trump, disse que seu pa\u00eds se desfiliar\u00e1 da ag\u00eancia e, em resultado, deixar\u00e1 de financi\u00e1-la.<\/p>\n\n\n\n<p>A OMS refutou as alega\u00e7\u00f5es diversas vezes, mas n\u00e3o respondeu a pedidos de coment\u00e1rio sobre a proposta da UE.<\/p>\n\n\n\n<p>Indagado sobre o documento nesta quinta-feira (22), o porta-voz do Minist\u00e9rio das Rela\u00e7\u00f5es Exteriores da China, Zhao Lijian, disse que seu pa\u00eds quer &#8220;participar ativamente&#8221; da reforma da OMS, que ele disse que n\u00e3o deveria atender aos interesses de nenhum pa\u00eds em particular.<\/p>\n\n\n\n<p>As reformas deveriam &#8220;remover melhor a interfer\u00eancia pol\u00edtica&#8221; dentro da OMS, aumentar seus recursos e sua capacidade de lidar com crises de sa\u00fade p\u00fablica globais e fortalecer o apoio a pa\u00edses em desenvolvimento, disse ele em Pequim.<\/p>\n\n\n\n<p>O governo alem\u00e3o n\u00e3o quis comentar o conte\u00fado do documento, j\u00e1 que ainda se trata de um esbo\u00e7o.<\/p>\n\n\n\n<p>A UE e seus Estados-membros s\u00e3o alguns dos maiores doadores da OMS, e se tornariam de longe os maiores contribuintes p\u00fablicos se os EUA deixarem a ag\u00eancia.<\/p>\n\n\n\n<p>Os preparativos para uma revis\u00e3o da abordagem da pandemia da covid-19 por parte da OMS e de governos est\u00e3o em andamento h\u00e1 meses, e a Alemanha vem exortando insistentemente os pa\u00edses-membros a acelerar esse processo para que uma reforma da entidade possa ser debatida seriamente.<\/p>\n\n\n\n<p><em>* Reportagem adicional de Gabriel Crossley, em Pequim<\/em><\/p>\n","protected":false},"excerpt":{"rendered":"<p>O esbo\u00e7o da proposta foi elaborado pelo governo alem\u00e3o Por Francesco Guarascio e Andreas Rinke<\/p>\n","protected":false},"author":2,"featured_media":3619,"comment_status":"open","ping_status":"open","sticky":false,"template":"","format":"standard","meta":{"footnotes":""},"categories":[22],"tags":[],"class_list":["post-3618","post","type-post","status-publish","format-standard","has-post-thumbnail","hentry","category-internacional"],"_links":{"self":[{"href":"https:\/\/tvc16.com\/portal\/wp-json\/wp\/v2\/posts\/3618","targetHints":{"allow":["GET"]}}],"collection":[{"href":"https:\/\/tvc16.com\/portal\/wp-json\/wp\/v2\/posts"}],"about":[{"href":"https:\/\/tvc16.com\/portal\/wp-json\/wp\/v2\/types\/post"}],"author":[{"embeddable":true,"href":"https:\/\/tvc16.com\/portal\/wp-json\/wp\/v2\/users\/2"}],"replies":[{"embeddable":true,"href":"https:\/\/tvc16.com\/portal\/wp-json\/wp\/v2\/comments?post=3618"}],"version-history":[{"count":1,"href":"https:\/\/tvc16.com\/portal\/wp-json\/wp\/v2\/posts\/3618\/revisions"}],"predecessor-version":[{"id":3620,"href":"https:\/\/tvc16.com\/portal\/wp-json\/wp\/v2\/posts\/3618\/revisions\/3620"}],"wp:featuredmedia":[{"embeddable":true,"href":"https:\/\/tvc16.com\/portal\/wp-json\/wp\/v2\/media\/3619"}],"wp:attachment":[{"href":"https:\/\/tvc16.com\/portal\/wp-json\/wp\/v2\/media?parent=3618"}],"wp:term":[{"taxonomy":"category","embeddable":true,"href":"https:\/\/tvc16.com\/portal\/wp-json\/wp\/v2\/categories?post=3618"},{"taxonomy":"post_tag","embeddable":true,"href":"https:\/\/tvc16.com\/portal\/wp-json\/wp\/v2\/tags?post=3618"}],"curies":[{"name":"wp","href":"https:\/\/api.w.org\/{rel}","templated":true}]}}