{"id":3621,"date":"2020-10-22T23:46:52","date_gmt":"2020-10-22T23:46:52","guid":{"rendered":"https:\/\/tvc16.com\/portal\/?p=3621"},"modified":"2020-10-22T23:46:52","modified_gmt":"2020-10-22T23:46:52","slug":"saude-planeja-incentivo-para-acoes-em-prol-de-alimentacao-saudavel","status":"publish","type":"post","link":"https:\/\/tvc16.com\/portal\/2020\/10\/22\/saude-planeja-incentivo-para-acoes-em-prol-de-alimentacao-saudavel\/","title":{"rendered":"Sa\u00fade planeja incentivo para a\u00e7\u00f5es em prol de alimenta\u00e7\u00e3o saud\u00e1vel"},"content":{"rendered":"\n<h3 class=\"wp-block-heading\">Pesquisa aponta excesso de peso e obesidade na popula\u00e7\u00e3o brasileira<\/h3>\n\n\n\n<p><\/p>\n\n\n\n<h4 class=\"wp-block-heading\">Por Vin\u00edcius Lisboa &#8211; Rep\u00f3rter da Ag\u00eancia Brasil &#8211; Rio de Janeiro<\/h4>\n\n\n\n<p>O Minist\u00e9rio da Sa\u00fade planeja disponibilizar, ainda este ano, em car\u00e1ter excepcional e tempor\u00e1rio, um incentivo financeiro para qualifica\u00e7\u00e3o das a\u00e7\u00f5es de promo\u00e7\u00e3o de alimenta\u00e7\u00e3o saud\u00e1vel e da atividade f\u00edsica no pa\u00eds. A iniciativa busca refor\u00e7ar a aten\u00e7\u00e3o a pessoas com doen\u00e7as cr\u00f4nicas n\u00e3o transmiss\u00edveis (DCNTs), e os valores a serem empregados no incentivo ainda est\u00e3o em estudo.<img decoding=\"async\" src=\"https:\/\/agenciabrasil.ebc.com.br\/ebc.png?id=1391312&amp;o=node\"><img decoding=\"async\" src=\"https:\/\/agenciabrasil.ebc.com.br\/ebc.gif?id=1391312&amp;o=node\"><\/p>\n\n\n\n<p><a href=\"https:\/\/agenciabrasil.ebc.com.br\/saude\/noticia\/2020-10\/ibge-obesidade-mais-do-que-dobra-na-populacao-com-mais-de-20-anos\" target=\"_blank\" rel=\"noreferrer noopener\">Divulgada ontem (21)<\/a>, a Pesquisa Nacional de Sa\u00fade apontou que o excesso de peso e a obesidade se tornaram mais frequentes na popula\u00e7\u00e3o brasileira entre 2003 e 2019. A pesquisa foi realizada pelo Instituto Brasileiro de Geografia e Estat\u00edstica (IBGE) em parceria com o Minist\u00e9rio da Sa\u00fade.<\/p>\n\n\n\n<p>A propor\u00e7\u00e3o de obesos na popula\u00e7\u00e3o brasileira aumentou de 12,2% para 26,8% entre 2003 e 2019. No ano passado, 30,2% das mulheres e 22,8% dos homens com 20 anos de idade ou mais tinham \u00edndice de massa corp\u00f3rea (IMC) maior que 30 kg\/m2, o que configura obesidade.<\/p>\n\n\n\n<p>O excesso de peso, que se d\u00e1 a partir do IMC 25 kg\/m2, tamb\u00e9m se tornou mais frequente na sociedade brasileira, passando de 43,3% em 2003 para 61,7% em 2019.<\/p>\n\n\n\n<p>Segundo o Minist\u00e9rio da Sa\u00fade, est\u00e1 em prepara\u00e7\u00e3o o lan\u00e7amento de a\u00e7\u00f5es de qualifica\u00e7\u00e3o para profissionais de sa\u00fade, como o &#8220;Protocolo Cl\u00ednico e Diretrizes Terap\u00eauticas de sobrepeso e obesidade&#8221; e a publica\u00e7\u00e3o do \u201cInstrutivo de Cuidado da Obesidade em Crian\u00e7as e Adolescentes\u201d.<\/p>\n\n\n\n<p>\u201cN\u00f3s j\u00e1 v\u00ednhamos acompanhando a evolu\u00e7\u00e3o dos indicadores de sobrepeso e da obesidade, mas agora com esses dados novos temos uma informa\u00e7\u00e3o real, mensurada, que refor\u00e7a a necessidade de compromisso do Minist\u00e9rio da Sa\u00fade e da sociedade para enfrentamento de um dos principais fatores para doen\u00e7as de risco, como diabetes e doen\u00e7as cardiovasculares, entre outras\u201d, disse Eduardo Mac\u00e1rio, diretor do Departamento de An\u00e1lise em Sa\u00fade e Vigil\u00e2ncia de Doen\u00e7as N\u00e3o-Transmiss\u00edveis do Minist\u00e9rio da Sa\u00fade.<\/p>\n\n\n\n<p>Edi\u00e7\u00e3o: Fernando Fraga<\/p>\n","protected":false},"excerpt":{"rendered":"<p>Pesquisa aponta excesso de peso e obesidade na popula\u00e7\u00e3o brasileira Por Vin\u00edcius Lisboa &#8211; Rep\u00f3rter<\/p>\n","protected":false},"author":2,"featured_media":3622,"comment_status":"open","ping_status":"open","sticky":false,"template":"","format":"standard","meta":{"footnotes":""},"categories":[13],"tags":[],"class_list":["post-3621","post","type-post","status-publish","format-standard","has-post-thumbnail","hentry","category-saude"],"_links":{"self":[{"href":"https:\/\/tvc16.com\/portal\/wp-json\/wp\/v2\/posts\/3621","targetHints":{"allow":["GET"]}}],"collection":[{"href":"https:\/\/tvc16.com\/portal\/wp-json\/wp\/v2\/posts"}],"about":[{"href":"https:\/\/tvc16.com\/portal\/wp-json\/wp\/v2\/types\/post"}],"author":[{"embeddable":true,"href":"https:\/\/tvc16.com\/portal\/wp-json\/wp\/v2\/users\/2"}],"replies":[{"embeddable":true,"href":"https:\/\/tvc16.com\/portal\/wp-json\/wp\/v2\/comments?post=3621"}],"version-history":[{"count":1,"href":"https:\/\/tvc16.com\/portal\/wp-json\/wp\/v2\/posts\/3621\/revisions"}],"predecessor-version":[{"id":3623,"href":"https:\/\/tvc16.com\/portal\/wp-json\/wp\/v2\/posts\/3621\/revisions\/3623"}],"wp:featuredmedia":[{"embeddable":true,"href":"https:\/\/tvc16.com\/portal\/wp-json\/wp\/v2\/media\/3622"}],"wp:attachment":[{"href":"https:\/\/tvc16.com\/portal\/wp-json\/wp\/v2\/media?parent=3621"}],"wp:term":[{"taxonomy":"category","embeddable":true,"href":"https:\/\/tvc16.com\/portal\/wp-json\/wp\/v2\/categories?post=3621"},{"taxonomy":"post_tag","embeddable":true,"href":"https:\/\/tvc16.com\/portal\/wp-json\/wp\/v2\/tags?post=3621"}],"curies":[{"name":"wp","href":"https:\/\/api.w.org\/{rel}","templated":true}]}}