{"id":3624,"date":"2020-10-22T23:49:07","date_gmt":"2020-10-22T23:49:07","guid":{"rendered":"https:\/\/tvc16.com\/portal\/?p=3624"},"modified":"2020-10-22T23:49:07","modified_gmt":"2020-10-22T23:49:07","slug":"ans-encerra-nesta-sexta-feira-consulta-sobre-boas-praticas-em-parto","status":"publish","type":"post","link":"https:\/\/tvc16.com\/portal\/2020\/10\/22\/ans-encerra-nesta-sexta-feira-consulta-sobre-boas-praticas-em-parto\/","title":{"rendered":"ANS encerra nesta sexta-feira consulta sobre boas pr\u00e1ticas em parto"},"content":{"rendered":"\n<h3 class=\"wp-block-heading\">Sociedade pode colaborar com sugest\u00f5es<\/h3>\n\n\n\n<h4 class=\"wp-block-heading\">Por Vitor Abdala &#8211; Rep\u00f3rter da Ag\u00eancia Brasil &#8211; Rio de Janeiro<\/h4>\n\n\n\n<p>A Ag\u00eancia Nacional de Sa\u00fade Suplementar (ANS) encerra amanh\u00e3 (23) consulta p\u00fablica sobre boas pr\u00e1ticas em parto adequado no Brasil. A sociedade pode colaborar com sugest\u00f5es para altera\u00e7\u00e3o da Resolu\u00e7\u00e3o Normativa 440 da ag\u00eancia, que instituiu o Programa de Certifica\u00e7\u00e3o de Boas Pr\u00e1ticas em Aten\u00e7\u00e3o \u00e0 Sa\u00fade.<img decoding=\"async\" src=\"https:\/\/agenciabrasil.ebc.com.br\/ebc.png?id=1391276&amp;o=node\"><img decoding=\"async\" src=\"https:\/\/agenciabrasil.ebc.com.br\/ebc.gif?id=1391276&amp;o=node\"><\/p>\n\n\n\n<p>Est\u00e3o sendo propostas as inclus\u00f5es de dois anexos \u00e0 resolu\u00e7\u00e3o: o manual de certifica\u00e7\u00e3o e o gloss\u00e1rio de boas pr\u00e1ticas em parto adequado. Al\u00e9m disso, est\u00e1 sendo colocada em discuss\u00e3o uma nota t\u00e9cnica sobre o impacto regulat\u00f3rio da certifica\u00e7\u00e3o de boas pr\u00e1ticas em aten\u00e7\u00e3o ao parto e nascimento.<\/p>\n\n\n\n<p>A certifica\u00e7\u00e3o \u00e9 uma proposta do Movimento Parto Adequado, que prev\u00ea um selo de qualidade, a participa\u00e7\u00e3o das mulheres e audi\u00eancias p\u00fablicas, al\u00e9m da divulga\u00e7\u00e3o de informa\u00e7\u00f5es. A ideia \u00e9 aumentar a qualidade da aten\u00e7\u00e3o \u00e0 m\u00e3e e ao beb\u00ea oferecida pelas operadoras de planos de sa\u00fade.<\/p>\n\n\n\n<p>As contribui\u00e7\u00f5es poder\u00e3o ser enviadas at\u00e9 esta sexta-feira (23)&nbsp;pelo&nbsp;<a href=\"http:\/\/www.ans.gov.br\/participacao-da-sociedade\/consultas-e-participacoes-publicas\/consulta-publica-n-79-proposta-de-resolucao-normativa-que-altera-a-resolucao-normativa-rn-n-440-de-13-de-dezembro\" target=\"_blank\" rel=\"noreferrer noopener\"><em>site<\/em>&nbsp;da ANS<\/a>.<\/p>\n\n\n\n<p>Edi\u00e7\u00e3o: Gra\u00e7a Adjuto<\/p>\n","protected":false},"excerpt":{"rendered":"<p>Sociedade pode colaborar com sugest\u00f5es Por Vitor Abdala &#8211; Rep\u00f3rter da Ag\u00eancia Brasil &#8211; Rio<\/p>\n","protected":false},"author":2,"featured_media":3625,"comment_status":"open","ping_status":"open","sticky":false,"template":"","format":"standard","meta":{"footnotes":""},"categories":[13],"tags":[],"class_list":["post-3624","post","type-post","status-publish","format-standard","has-post-thumbnail","hentry","category-saude"],"_links":{"self":[{"href":"https:\/\/tvc16.com\/portal\/wp-json\/wp\/v2\/posts\/3624","targetHints":{"allow":["GET"]}}],"collection":[{"href":"https:\/\/tvc16.com\/portal\/wp-json\/wp\/v2\/posts"}],"about":[{"href":"https:\/\/tvc16.com\/portal\/wp-json\/wp\/v2\/types\/post"}],"author":[{"embeddable":true,"href":"https:\/\/tvc16.com\/portal\/wp-json\/wp\/v2\/users\/2"}],"replies":[{"embeddable":true,"href":"https:\/\/tvc16.com\/portal\/wp-json\/wp\/v2\/comments?post=3624"}],"version-history":[{"count":1,"href":"https:\/\/tvc16.com\/portal\/wp-json\/wp\/v2\/posts\/3624\/revisions"}],"predecessor-version":[{"id":3626,"href":"https:\/\/tvc16.com\/portal\/wp-json\/wp\/v2\/posts\/3624\/revisions\/3626"}],"wp:featuredmedia":[{"embeddable":true,"href":"https:\/\/tvc16.com\/portal\/wp-json\/wp\/v2\/media\/3625"}],"wp:attachment":[{"href":"https:\/\/tvc16.com\/portal\/wp-json\/wp\/v2\/media?parent=3624"}],"wp:term":[{"taxonomy":"category","embeddable":true,"href":"https:\/\/tvc16.com\/portal\/wp-json\/wp\/v2\/categories?post=3624"},{"taxonomy":"post_tag","embeddable":true,"href":"https:\/\/tvc16.com\/portal\/wp-json\/wp\/v2\/tags?post=3624"}],"curies":[{"name":"wp","href":"https:\/\/api.w.org\/{rel}","templated":true}]}}