{"id":3633,"date":"2020-10-22T23:57:52","date_gmt":"2020-10-22T23:57:52","guid":{"rendered":"https:\/\/tvc16.com\/portal\/?p=3633"},"modified":"2020-10-22T23:57:52","modified_gmt":"2020-10-22T23:57:52","slug":"crise-amplia-mercado-de-tecnologia-da-informacao-onde-faltam-candidatos","status":"publish","type":"post","link":"https:\/\/tvc16.com\/portal\/2020\/10\/22\/crise-amplia-mercado-de-tecnologia-da-informacao-onde-faltam-candidatos\/","title":{"rendered":"Crise amplia mercado de tecnologia da informa\u00e7\u00e3o, onde faltam candidatos"},"content":{"rendered":"\n<p><a rel=\"noreferrer noopener\" href=\"https:\/\/www.facebook.com\/dialog\/feed?app_id=458584288257241&amp;link=https%3A%2F%2Fbr.noticias.yahoo.com%2Fcrise-amplia-mercado-tecnologia-da-070041737.html%3Fsoc_src%3Dsocial-sh%26soc_trk%3Dfb%26tsrc%3Dfb\" target=\"_blank\"><\/a><a rel=\"noreferrer noopener\" href=\"https:\/\/twitter.com\/intent\/tweet?text=Crise%20amplia%20mercado%20de%20tecnologia%20da%20informa%C3%A7%C3%A3o,%20onde%20faltam%20candidatos&amp;url=https%3A%2F%2Fbr.noticias.yahoo.com%2Fcrise-amplia-mercado-tecnologia-da-070041737.html%3Fsoc_src%3Dsocial-sh%26soc_trk%3Dtw%26tsrc%3Dtwtr&amp;via=YahooBr\" target=\"_blank\"><\/a><a rel=\"noreferrer noopener\" href=\"mailto:?subject=Crise%20amplia%20mercado%20de%20tecnologia%20da%20informa%C3%A7%C3%A3o,%20onde%20faltam%20candidatos&amp;body=https%3A%2F%2Fbr.noticias.yahoo.com%2Fcrise-amplia-mercado-tecnologia-da-070041737.html%3Fsoc_src%3Dsocial-sh%26soc_trk%3Dma\" target=\"_blank\"><\/a>Patricia Vallequi., BRT<\/p>\n\n\n\n<p>Para os profissionais de Tecnologia da informa\u00e7\u00e3o a crise \u00e9 na verdade uma oportunidade. Segundo o Banco Nacional de Empregos (BNE), em levantamento de janeiro a setembro, o Brasil tem hoje 12.652 vagas em aberto para profissionais de tecnologia da informa\u00e7\u00e3o (TI) em 26 estados. S\u00e3o 4.603 vagas a mais na compara\u00e7\u00e3o \u00e0 oferta de 2019, um crescimento de 63%.&nbsp;&nbsp;<\/p>\n\n\n\n<p>Os destaques em 2020 s\u00e3o as regi\u00f5es Sudeste e Sul, onde est\u00e3o a maioria das vagas, nessa ordem: S\u00e3o Paulo (5.793 vagas), Santa Catarina (1.378), Paran\u00e1 (1.105), Rio Grande do Sul (1.020), Rio de Janeiro (858) e Minas Gerais (669).&nbsp;<\/p>\n\n\n\n<p>Na compara\u00e7\u00e3o ao ano passado, o aumento das vagas de TI em S\u00e3o Paulo foi de 138%, e basicamente as ofertas eram nos mesmos estados, mas a ordem teve leve altera\u00e7\u00e3o: S\u00e3o Paulo, Paran\u00e1, Santa Catarina, Minas Gerais, Rio de Janeiro e Rio Grande do Sul.&nbsp;&nbsp;<\/p>\n\n\n\n<p>Para Marcelo de Abreu, presidente do BNE, durante a pandemia muitos consumidores optaram por servi\u00e7os delivery, internet e e-commerce, ou seja, \u00e1reas diretamente ligadas \u00e0 tecnologia. \u201cEla tornou-se necess\u00e1ria dentro das empresas para que o atendimento continuasse acontecendo, o que consequentemente responde esse aumento de vagas nessa \u00e1rea. A tecnologia deixou de ser um diferencial e se tornou essencial, seu uso virou parte do neg\u00f3cio e as empresas est\u00e3o buscando essa migra\u00e7\u00e3o para os meios digitais. Os profissionais de TI e desenvolvedores possuem atualmente amplas oportunidades no mercado\u201d, comenta.&nbsp;<\/p>\n\n\n\n<p>Al\u00e9m desse cen\u00e1rio positivo para quem pensa em se especializar na \u00e1rea, h\u00e1 outro fator que favorece os profissionais de TI: o home office. E de duas maneiras. A primeira \u00e9 o retorno para as sedes f\u00edsicas, afinal h\u00e1 diversos fatores que tornam dif\u00edcil o trabalho em casa. H\u00e1 as companhias que est\u00e3o, aos poucos, retomando suas atividades nos escrit\u00f3rios. Segundo uma pesquisa recente da consultoria KPMG com 1.124 executivos de todas as regi\u00f5es brasileiras, 51% deles planejam chamar uma parte de seus funcion\u00e1rios de volta ao batente presencial at\u00e9 o fim do ano. Desse total, quase um ter\u00e7o vai fazer isso ainda em setembro.<\/p>\n\n\n\n<p>Leia mais:<\/p>\n\n\n\n<p>E a outra maneira \u00e9 justamente o contr\u00e1rio, a manuten\u00e7\u00e3o do trabalho remoto, pois obrigar os funcion\u00e1rios a retornar ao presencial pode comprometer ainda mais seu desempenho. E h\u00e1 companhias que j\u00e1 est\u00e3o desenhando modelos h\u00edbridos de trabalho, ou que j\u00e1 anunciaram manter o home office ap\u00f3s a pandemia, gigantes como Twitter e&nbsp;Nubank, por exemplo.&nbsp;&nbsp;<\/p>\n\n\n\n<p>&nbsp;\u201cA transforma\u00e7\u00e3o digital \u00e9 uma realidade da qual as empresas aos poucos est\u00e3o percebendo que precisam se adequar para manter a competitividade e elevar os resultados de neg\u00f3cios. Investir e apoiar o departamento de Tecnologia da Informa\u00e7\u00e3o significa hoje trazer maior agilidade, escalabilidade e simplicidade no gerenciamento da empresa. Em um momento no qual os dados s\u00e3o cada vez mais importantes e valiosos, bem como sujeitos \u00e0 diversas leis de conformidade, as companhias precisam investir em solu\u00e7\u00f5es que aumentem a resili\u00eancia da sua estrutura de TI\u201d, afirma Ricardo&nbsp;Zanlorenzi, presidente da&nbsp;Nexcore&nbsp;Tecnologia.<\/p>\n\n\n\n<p>De acordo com a Associa\u00e7\u00e3o Brasileira das Empresas de Tecnologia da Informa\u00e7\u00e3o e Comunica\u00e7\u00e3o (Brasscom), h\u00e1 845 mil empregos no setor de Tecnologia da Informa\u00e7\u00e3o no Brasil, e a demanda anual por novos talentos projetada at\u00e9 2024 est\u00e1 em 70 mil profissionais. J\u00e1 a Associa\u00e7\u00e3o Brasileira de Empresas de Software (ABES) revelou um crescimento de 6,7% no setor global de TI, sendo que no Brasil o segmento cresceu 9,8%. Ao todo, existem cerca de 19.372 mil empresas atuando no setor de Software e Servi\u00e7os no Brasil, sendo 27,3% (5.294) delas voltadas ao desenvolvimento e produ\u00e7\u00e3o de software.&nbsp;<\/p>\n\n\n\n<p>Por\u00e9m, apenas 46 mil pessoas se formam por ano no Ensino Superior com o perfil necess\u00e1rio para atender essas vagas. O estudo divulgado&nbsp;Brasscom&nbsp;ainda projeta que o mercado de TI pode apresentar um d\u00e9ficit de 290 mil profissionais em 2024.&nbsp;&nbsp;<\/p>\n\n\n\n<p>&nbsp;\u201cO momento nunca foi t\u00e3o prop\u00edcio para os profissionais da \u00e1rea, porque \u00e9 um momento de acelera\u00e7\u00e3o para segmentos como TI e Telecom, e \u00e9 tamb\u00e9m o momento da valoriza\u00e7\u00e3o da seguran\u00e7a de dados em praticamente todas as empresas. Temos processos seletivos constantes \u2013 inclusive estamos com um em vig\u00eancia \u2013 e acompanhamos uma evolu\u00e7\u00e3o no preparo dos candidatos, bem como a amplia\u00e7\u00e3o da presen\u00e7a de mulheres especializadas, mas ainda h\u00e1 escassez em algumas especialidades como desenvolvimento e infraestrutura\u201d, afirma Ricardo&nbsp;Zanlorenzi, presidente da&nbsp;Nexcore&nbsp;Tecnologia.&nbsp;<\/p>\n","protected":false},"excerpt":{"rendered":"<p>Patricia Vallequi., BRT Para os profissionais de Tecnologia da informa\u00e7\u00e3o a crise \u00e9 na verdade<\/p>\n","protected":false},"author":2,"featured_media":3634,"comment_status":"open","ping_status":"open","sticky":false,"template":"","format":"standard","meta":{"footnotes":""},"categories":[16],"tags":[],"class_list":["post-3633","post","type-post","status-publish","format-standard","has-post-thumbnail","hentry","category-colunistas"],"_links":{"self":[{"href":"https:\/\/tvc16.com\/portal\/wp-json\/wp\/v2\/posts\/3633","targetHints":{"allow":["GET"]}}],"collection":[{"href":"https:\/\/tvc16.com\/portal\/wp-json\/wp\/v2\/posts"}],"about":[{"href":"https:\/\/tvc16.com\/portal\/wp-json\/wp\/v2\/types\/post"}],"author":[{"embeddable":true,"href":"https:\/\/tvc16.com\/portal\/wp-json\/wp\/v2\/users\/2"}],"replies":[{"embeddable":true,"href":"https:\/\/tvc16.com\/portal\/wp-json\/wp\/v2\/comments?post=3633"}],"version-history":[{"count":1,"href":"https:\/\/tvc16.com\/portal\/wp-json\/wp\/v2\/posts\/3633\/revisions"}],"predecessor-version":[{"id":3635,"href":"https:\/\/tvc16.com\/portal\/wp-json\/wp\/v2\/posts\/3633\/revisions\/3635"}],"wp:featuredmedia":[{"embeddable":true,"href":"https:\/\/tvc16.com\/portal\/wp-json\/wp\/v2\/media\/3634"}],"wp:attachment":[{"href":"https:\/\/tvc16.com\/portal\/wp-json\/wp\/v2\/media?parent=3633"}],"wp:term":[{"taxonomy":"category","embeddable":true,"href":"https:\/\/tvc16.com\/portal\/wp-json\/wp\/v2\/categories?post=3633"},{"taxonomy":"post_tag","embeddable":true,"href":"https:\/\/tvc16.com\/portal\/wp-json\/wp\/v2\/tags?post=3633"}],"curies":[{"name":"wp","href":"https:\/\/api.w.org\/{rel}","templated":true}]}}