{"id":3640,"date":"2020-10-23T13:39:03","date_gmt":"2020-10-23T13:39:03","guid":{"rendered":"https:\/\/tvc16.com\/portal\/?p=3640"},"modified":"2020-10-23T13:51:43","modified_gmt":"2020-10-23T13:51:43","slug":"um-dos-chefes-do-trafico-de-drogas-da-regiao-serra-fluminense-e-preso","status":"publish","type":"post","link":"https:\/\/tvc16.com\/portal\/2020\/10\/23\/um-dos-chefes-do-trafico-de-drogas-da-regiao-serra-fluminense-e-preso\/","title":{"rendered":"Um dos chefes do tr\u00e1fico de drogas da regi\u00e3o Serra Fluminense \u00e9 preso"},"content":{"rendered":"\n<p>Policiais da 108\u00aa DP (Tr\u00eas Rios), com apoio da 106\u00aa DP (Itaipava) e da Subsecretaria de Intelig\u00eancia da Bahia, prenderam, na quinta-feira (23), o l\u00edder do tr\u00e1fico de drogas na regi\u00e3o da Serra Fluminense e Tr\u00eas Rios, integrante da fac\u00e7\u00e3o criminosa \u201c Comando Vermelho\u201d.<\/p>\n\n\n\n<p>O criminoso foi encontrado em um hotel de luxo com a fam\u00edlia, na praia de Ondina, em Salvador, na Bahia. Durante a captura os policiais civis ainda apreenderam R$ 60 mil em esp\u00e9cie e uma grande quantidade de ouro.<\/p>\n\n\n\n<p>Criminoso tem bra\u00e7o direito atuando em Tr\u00eas Rios<\/p>\n\n\n\n<p>De acordo com os agentes, o preso \u00e9 oriundo do Parque Uni\u00e3o, no Complexo da Mar\u00e9, e tem um criminoso que atua para ele dando apoio operacional em Tr\u00eas Rios e Comendador Levy Gasparian. O acusado \u00e9 considerado um dos traficantes mais agressivos da fac\u00e7\u00e3o na regi\u00e3o, e respons\u00e1vel v\u00e1rios homic\u00eddios.<\/p>\n\n\n\n<p>Um deles ocorreu no dia 7 de setembro deste ano, foi filmado pelo bandido e divulgado para causar p\u00e2nico na cidade. Um adolescente foi levado para uma regi\u00e3o erma de Tr\u00eas Rios e executado friamente com tiros na cabe\u00e7a. As investiga\u00e7\u00f5es indicam, ainda, que criminoso \u00e9 respons\u00e1vel por fornecer armamento para comunidades da Regi\u00e3o Serrana.<\/p>\n","protected":false},"excerpt":{"rendered":"<p>Policiais da 108\u00aa DP (Tr\u00eas Rios), com apoio da 106\u00aa DP (Itaipava) e da Subsecretaria<\/p>\n","protected":false},"author":2,"featured_media":3641,"comment_status":"open","ping_status":"open","sticky":false,"template":"","format":"standard","meta":{"footnotes":""},"categories":[12],"tags":[],"class_list":["post-3640","post","type-post","status-publish","format-standard","has-post-thumbnail","hentry","category-cidade"],"_links":{"self":[{"href":"https:\/\/tvc16.com\/portal\/wp-json\/wp\/v2\/posts\/3640","targetHints":{"allow":["GET"]}}],"collection":[{"href":"https:\/\/tvc16.com\/portal\/wp-json\/wp\/v2\/posts"}],"about":[{"href":"https:\/\/tvc16.com\/portal\/wp-json\/wp\/v2\/types\/post"}],"author":[{"embeddable":true,"href":"https:\/\/tvc16.com\/portal\/wp-json\/wp\/v2\/users\/2"}],"replies":[{"embeddable":true,"href":"https:\/\/tvc16.com\/portal\/wp-json\/wp\/v2\/comments?post=3640"}],"version-history":[{"count":2,"href":"https:\/\/tvc16.com\/portal\/wp-json\/wp\/v2\/posts\/3640\/revisions"}],"predecessor-version":[{"id":3643,"href":"https:\/\/tvc16.com\/portal\/wp-json\/wp\/v2\/posts\/3640\/revisions\/3643"}],"wp:featuredmedia":[{"embeddable":true,"href":"https:\/\/tvc16.com\/portal\/wp-json\/wp\/v2\/media\/3641"}],"wp:attachment":[{"href":"https:\/\/tvc16.com\/portal\/wp-json\/wp\/v2\/media?parent=3640"}],"wp:term":[{"taxonomy":"category","embeddable":true,"href":"https:\/\/tvc16.com\/portal\/wp-json\/wp\/v2\/categories?post=3640"},{"taxonomy":"post_tag","embeddable":true,"href":"https:\/\/tvc16.com\/portal\/wp-json\/wp\/v2\/tags?post=3640"}],"curies":[{"name":"wp","href":"https:\/\/api.w.org\/{rel}","templated":true}]}}