{"id":3650,"date":"2020-10-23T15:01:10","date_gmt":"2020-10-23T15:01:10","guid":{"rendered":"https:\/\/tvc16.com\/portal\/?p=3650"},"modified":"2020-10-23T15:01:10","modified_gmt":"2020-10-23T15:01:10","slug":"covid-19-vacinacao-em-massa-nao-deve-ocorrer-em-2021-no-brasil-diz-vice-diretora-da-oms","status":"publish","type":"post","link":"https:\/\/tvc16.com\/portal\/2020\/10\/23\/covid-19-vacinacao-em-massa-nao-deve-ocorrer-em-2021-no-brasil-diz-vice-diretora-da-oms\/","title":{"rendered":"Covid-19: Vacina\u00e7\u00e3o em massa n\u00e3o deve ocorrer em 2021 no Brasil, diz vice-diretora da OMS"},"content":{"rendered":"\n<p>&nbsp;Reda\u00e7\u00e3o VEJA S\u00e3o Paulo<\/p>\n\n\n\n<p>Vice-diretora-geral da\u00a0<strong>Organiza\u00e7\u00e3o Mundial da Sa\u00fade<\/strong>\u00a0(OMS),\u00a0<strong>Mari\u00e2ngela Sim\u00e3o<\/strong>\u00a0afirmou  que o Brasil n\u00e3o ter\u00e1\u00a0<strong>vacina\u00e7\u00e3o<\/strong>\u00a0em massa contra a\u00a0<strong>Covid-19<\/strong>\u00a0em 2021. Em entrevista para a CNN Brasil a m\u00e9dica brasileira falou sobre as expectativas para os imunizantes que s\u00e3o desenvolvidos no pa\u00eds.<\/p>\n\n\n\n<p>\u201cN\u00e3o vai ter vacina suficiente no ano que vem para toda a popula\u00e7\u00e3o, ent\u00e3o o que a OMS faz \u00e9 orientar que haja uma prioriza\u00e7\u00e3o: vacinar profissionais de sa\u00fade e pessoas acima de 65 anos ou que tenham alguma doen\u00e7a\u201d, disse para o canal.<\/p>\n\n\n\n<p>No melhor cen\u00e1rio, a m\u00e9dica afirmou que at\u00e9 o fim de 2021 \u00e9 prov\u00e1vel que o pa\u00eds tenha at\u00e9 tr\u00eas vacinas aprovadas para a Covid-19. \u201cO importante agora n\u00e3o \u00e9 imunizar todo mundo num pa\u00eds, o que \u00e9 imposs\u00edvel. [Importante \u00e9] imunizar aqueles que precisam, em todos os pa\u00edses\u201d.<\/p>\n\n\n\n<h3 class=\"wp-block-heading\"><strong>S\u00e3o Paulo<\/strong><\/h3>\n\n\n\n<p>O secret\u00e1rio da Sa\u00fade de S\u00e3o Paulo, Jean Gorinchteyn, falou sobre&nbsp;<a href=\"https:\/\/vejasp.abril.com.br\/saude\/governo-sao-paulo-coronavirus-vacina-grupos-prioritarios\/\" rel=\"noreferrer noopener\" target=\"_blank\">a campanha de vacina\u00e7\u00e3o da Coronavac<\/a>, a vacina desenvolvida pelo Instituto Butantan em parceria com o laborat\u00f3rio chin\u00eas Sinovac, no dia 5 de outubro.<\/p>\n\n\n\n<p>A previs\u00e3o \u00e9 que em 15 de dezembro a vacina\u00e7\u00e3o se inicie com os profissionais da \u00e1rea da sa\u00fade. Em seguida, os educadores da rede p\u00fablica e privada e em terceiro, portadores de doen\u00e7as cr\u00f4nicas. O imunizante est\u00e1 ainda na terceira e \u00faltima fase de testes, onde a vacina \u00e9 aplicada em uma grande quantidade de volunt\u00e1rios: 9 000 brasileiros devem receber a Coronavac ou placebo at\u00e9 o fim desta etapa.<\/p>\n\n\n\n<p>Caso a vacina passe por esta fase sem problemas, precisa ainda da aprova\u00e7\u00e3o e do registro da Ag\u00eancia Nacional de Vigil\u00e2ncia Sanit\u00e1ria. No dia 30 de setembro, Doria assinou um contrato para o recebimento de 46 milh\u00f5es de doses da vacina. At\u00e9 dezembro a empresa vai enviar ao Brasil 6 milh\u00f5es de doses da vacina e outras 40 milh\u00f5es ser\u00e3o fabricadas no estado. O valor do contrato \u00e9 de 90 milh\u00f5es de d\u00f3lares.<\/p>\n","protected":false},"excerpt":{"rendered":"<p>&nbsp;Reda\u00e7\u00e3o VEJA S\u00e3o Paulo Vice-diretora-geral da\u00a0Organiza\u00e7\u00e3o Mundial da Sa\u00fade\u00a0(OMS),\u00a0Mari\u00e2ngela Sim\u00e3o\u00a0afirmou que o Brasil n\u00e3o ter\u00e1\u00a0vacina\u00e7\u00e3o\u00a0em<\/p>\n","protected":false},"author":2,"featured_media":3651,"comment_status":"open","ping_status":"open","sticky":false,"template":"","format":"standard","meta":{"footnotes":""},"categories":[13],"tags":[],"class_list":["post-3650","post","type-post","status-publish","format-standard","has-post-thumbnail","hentry","category-saude"],"_links":{"self":[{"href":"https:\/\/tvc16.com\/portal\/wp-json\/wp\/v2\/posts\/3650","targetHints":{"allow":["GET"]}}],"collection":[{"href":"https:\/\/tvc16.com\/portal\/wp-json\/wp\/v2\/posts"}],"about":[{"href":"https:\/\/tvc16.com\/portal\/wp-json\/wp\/v2\/types\/post"}],"author":[{"embeddable":true,"href":"https:\/\/tvc16.com\/portal\/wp-json\/wp\/v2\/users\/2"}],"replies":[{"embeddable":true,"href":"https:\/\/tvc16.com\/portal\/wp-json\/wp\/v2\/comments?post=3650"}],"version-history":[{"count":1,"href":"https:\/\/tvc16.com\/portal\/wp-json\/wp\/v2\/posts\/3650\/revisions"}],"predecessor-version":[{"id":3652,"href":"https:\/\/tvc16.com\/portal\/wp-json\/wp\/v2\/posts\/3650\/revisions\/3652"}],"wp:featuredmedia":[{"embeddable":true,"href":"https:\/\/tvc16.com\/portal\/wp-json\/wp\/v2\/media\/3651"}],"wp:attachment":[{"href":"https:\/\/tvc16.com\/portal\/wp-json\/wp\/v2\/media?parent=3650"}],"wp:term":[{"taxonomy":"category","embeddable":true,"href":"https:\/\/tvc16.com\/portal\/wp-json\/wp\/v2\/categories?post=3650"},{"taxonomy":"post_tag","embeddable":true,"href":"https:\/\/tvc16.com\/portal\/wp-json\/wp\/v2\/tags?post=3650"}],"curies":[{"name":"wp","href":"https:\/\/api.w.org\/{rel}","templated":true}]}}