{"id":3653,"date":"2020-10-23T15:05:14","date_gmt":"2020-10-23T15:05:14","guid":{"rendered":"https:\/\/tvc16.com\/portal\/?p=3653"},"modified":"2020-10-23T16:26:34","modified_gmt":"2020-10-23T16:26:34","slug":"ao-vivo-comando-da-aeronautica-apresenta-novas-aeronaves-f-39e-gripen","status":"publish","type":"post","link":"https:\/\/tvc16.com\/portal\/2020\/10\/23\/ao-vivo-comando-da-aeronautica-apresenta-novas-aeronaves-f-39e-gripen\/","title":{"rendered":"Comando da Aeron\u00e1utica apresenta novas aeronaves F-39E Gripen"},"content":{"rendered":"\n<h3 class=\"wp-block-heading\">Dia do Aviador marca estreia de nova frota de ca\u00e7as da FAB<\/h3>\n\n\n\n<h4 class=\"wp-block-heading\">Por Ag\u00eancia Brasil &#8211; Bras\u00edlia<\/h4>\n\n\n\n<p>O Comando da Aeron\u00e1utica apresenta hoje (23), ao vivo, os novos ca\u00e7as multimiss\u00e3o F-39E Gripen, importados da Su\u00e9cia &#8211; parte de um acordo de transfer\u00eancia de tecnologia militar. A apresenta\u00e7\u00e3o acontece durante as comemora\u00e7\u00f5es do Dia do Aviador, na Base A\u00e9rea de Bras\u00edlia.<img decoding=\"async\" src=\"https:\/\/agenciabrasil.ebc.com.br\/ebc.png?id=1391377&amp;o=node\"><img decoding=\"async\" src=\"https:\/\/agenciabrasil.ebc.com.br\/ebc.gif?id=1391377&amp;o=node\"><\/p>\n\n\n\n<h2 class=\"wp-block-heading\">O Dia do Aviador<\/h2>\n\n\n\n<p>Criado para celebrar todos que arriscam a vida nos c\u00e9us, o Dia do Aviador, comemorado em 23 de outubro, remete ao voo de Alberto Santos Dumont, pai da avia\u00e7\u00e3o, e sua aeronave, o 14-Bis. O voo ocorreu na Fran\u00e7a em 1906, no Campo Bagatelle, e daria in\u00edcio a uma revolu\u00e7\u00e3o no transporte de passageiros e nos hobbies de centenas de milh\u00f5es de pessoas que usam os princ\u00edpios da aerodin\u00e2mica para al\u00e7ar voos.<\/p>\n\n\n\n<p>O Dia do Aviador foi institu\u00eddo em 1936, pela lei n\u00ba 218. Alberto Santos Dumont tamb\u00e9m \u00e9 considerado patrono da aeron\u00e1utica, e possui a patente militar de marechal-do-ar. Santos Dumont d\u00e1 nome, ainda, a uma importante honraria concedida pela For\u00e7a A\u00e9rea Brasileira, a \u201cMedalha do M\u00e9rito Santos-Dumont\u201d.<\/p>\n\n\n\n<h2 class=\"wp-block-heading\">Aeronaves de combate<\/h2>\n\n\n\n<p>Rebatizado pela For\u00e7a A\u00e9rea Brasileira de F-39E, o Gripen NG \u00e9 de origem sueca. O Brasil encomendou, em 2014, 36 unidades da fabricante Saab. Eles substituem a frota atual, que \u00e9 composta por ca\u00e7as F-5, de origem norte-americana.<\/p>\n\n\n\n<figure class=\"wp-block-image size-large\"><img loading=\"lazy\" decoding=\"async\" width=\"1024\" height=\"613\" src=\"https:\/\/tvc16.com\/portal\/wp-content\/uploads\/2020\/10\/pais-1-1024x613.jpg\" alt=\"\" class=\"wp-image-3654\" srcset=\"https:\/\/tvc16.com\/portal\/wp-content\/uploads\/2020\/10\/pais-1-1024x613.jpg 1024w, https:\/\/tvc16.com\/portal\/wp-content\/uploads\/2020\/10\/pais-1-300x179.jpg 300w, https:\/\/tvc16.com\/portal\/wp-content\/uploads\/2020\/10\/pais-1-768x459.jpg 768w, https:\/\/tvc16.com\/portal\/wp-content\/uploads\/2020\/10\/pais-1.jpg 1170w\" sizes=\"auto, (max-width: 1024px) 100vw, 1024px\" \/><figcaption>Ca\u00e7a Gripen E, adquirido na Su\u00e9cia, faz seu primeiro voo no Brasil<\/figcaption><\/figure>\n\n\n\n<p>Os F-39E custaram para os cofres p\u00fablicos cerca de R$ 24 bilh\u00f5es, financiados em 25 anos. O recebimento das 36 unidades, no entanto, tamb\u00e9m \u00e9 fracionado.<\/p>\n\n\n\n<p>Capaz de voar em uma velocidade m\u00e1xima de 2.400 km\/h &#8211; praticamente duas vezes a velocidade do som (1.224 km\/h), os F-39E s\u00e3o considerados \u201cmultimiss\u00e3o\u201d, ou seja, podem participar de confrontos no ar, na terra e no mar.<\/p>\n\n\n\n<p><em>Edi\u00e7\u00e3o: Pedro Ivo de Oliveira<\/em><\/p>\n","protected":false},"excerpt":{"rendered":"<p>Dia do Aviador marca estreia de nova frota de ca\u00e7as da FAB Por Ag\u00eancia Brasil<\/p>\n","protected":false},"author":2,"featured_media":3655,"comment_status":"open","ping_status":"open","sticky":false,"template":"","format":"standard","meta":{"footnotes":""},"categories":[14],"tags":[],"class_list":["post-3653","post","type-post","status-publish","format-standard","has-post-thumbnail","hentry","category-pais"],"_links":{"self":[{"href":"https:\/\/tvc16.com\/portal\/wp-json\/wp\/v2\/posts\/3653","targetHints":{"allow":["GET"]}}],"collection":[{"href":"https:\/\/tvc16.com\/portal\/wp-json\/wp\/v2\/posts"}],"about":[{"href":"https:\/\/tvc16.com\/portal\/wp-json\/wp\/v2\/types\/post"}],"author":[{"embeddable":true,"href":"https:\/\/tvc16.com\/portal\/wp-json\/wp\/v2\/users\/2"}],"replies":[{"embeddable":true,"href":"https:\/\/tvc16.com\/portal\/wp-json\/wp\/v2\/comments?post=3653"}],"version-history":[{"count":2,"href":"https:\/\/tvc16.com\/portal\/wp-json\/wp\/v2\/posts\/3653\/revisions"}],"predecessor-version":[{"id":3685,"href":"https:\/\/tvc16.com\/portal\/wp-json\/wp\/v2\/posts\/3653\/revisions\/3685"}],"wp:featuredmedia":[{"embeddable":true,"href":"https:\/\/tvc16.com\/portal\/wp-json\/wp\/v2\/media\/3655"}],"wp:attachment":[{"href":"https:\/\/tvc16.com\/portal\/wp-json\/wp\/v2\/media?parent=3653"}],"wp:term":[{"taxonomy":"category","embeddable":true,"href":"https:\/\/tvc16.com\/portal\/wp-json\/wp\/v2\/categories?post=3653"},{"taxonomy":"post_tag","embeddable":true,"href":"https:\/\/tvc16.com\/portal\/wp-json\/wp\/v2\/tags?post=3653"}],"curies":[{"name":"wp","href":"https:\/\/api.w.org\/{rel}","templated":true}]}}