{"id":3657,"date":"2020-10-23T15:54:19","date_gmt":"2020-10-23T15:54:19","guid":{"rendered":"https:\/\/tvc16.com\/portal\/?p=3657"},"modified":"2020-10-23T15:54:19","modified_gmt":"2020-10-23T15:54:19","slug":"micro-e-pequenas-empresas-ja-geraram-13-milhoes-de-empregos-formais-em-pouco-mais-de-dez-anos","status":"publish","type":"post","link":"https:\/\/tvc16.com\/portal\/2020\/10\/23\/micro-e-pequenas-empresas-ja-geraram-13-milhoes-de-empregos-formais-em-pouco-mais-de-dez-anos\/","title":{"rendered":"Micro e pequenas empresas j\u00e1 geraram 13 milh\u00f5es de empregos formais em pouco mais de dez anos"},"content":{"rendered":"\n<h4 class=\"wp-block-heading\"><em>Jalila Arabi<\/em><\/h4>\n\n\n\n<p>No ano passado, os micro e pequenos neg\u00f3cios foram respons\u00e1veis pela gera\u00e7\u00e3o de mais de 730 mil empregos formais no Brasil, 22% a mais do que no ano anterior. O bom resultado foi na contram\u00e3o de empresas de maior porte, que no mesmo per\u00edodo fecharam cerca de 88 mil postos de trabalho. Entre 2007 e 2019, as pequenas empresas brasileiras criaram quase 13 milh\u00f5es de empregos com carteira assinada.&nbsp;<\/p>\n\n\n\n<p>Os dados do Cadastro Geral de Empregados e Desempregados (Caged), compilados pelo Servi\u00e7o Brasileiro de Apoio \u00e0s Micro e Pequenas Empresas (Sebrae), apontam para um cen\u00e1rio cada vez mais positivo para esse setor no Brasil: o de gerador de emprego e renda e de esperan\u00e7a na retomada econ\u00f4mica em meio \u00e0 pandemia do novo coronav\u00edrus.&nbsp;<\/p>\n\n\n\n<p>\u201cA micro e pequena empresa \u00e9 a teia que sustenta qualquer pa\u00eds. \u00c9 a padaria, a loja de roupa, todos os segmentos da sociedade. O Brasil vem aperfei\u00e7oando esse ambiente de melhoria de conviv\u00eancia com esse setor\u201d, garante o presidente do Sebrae, Carlos Melles.&nbsp;<\/p>\n\n\n\n<p>Por ser um setor que gera, hoje, 30% da riqueza do Brasil e 55% de empregos formais, Melles acredita que \u00e9 preciso condi\u00e7\u00f5es cada vez mais vi\u00e1veis para que essas empresas sobrevivam em meio ao ambiente de neg\u00f3cios competitivo no Pa\u00eds.&nbsp;<\/p>\n\n\n\n<p>\u201cNa d\u00e9cada de 1990, t\u00ednhamos s\u00f3 o Simples Nacional, que era a uni\u00e3o de impostos federais. Depois veio a Lei Geral da Micro e Pequena Empresa, aproveitando o regime tribut\u00e1rio especial que foi dado a esse p\u00fablico. Essa lei geral, que \u00e9 uma das mais bem elaboradas do mundo, talvez, \u00e9 muito complementar. Vai de quem faz a roupa, quem corta a roupa, quem prega o bot\u00e3o, quem embala, quem distribui, essa \u00e9 uma cadeia que n\u00e3o tem nenhum imposto, voc\u00ea paga s\u00f3 no final. Ou seja, h\u00e1 um cooperativismo intr\u00ednseco\u201d, pontua Melles.&nbsp;<\/p>\n\n\n\n<p>A <a href=\"http:\/\/www.planalto.gov.br\/ccivil_03\/leis\/LCP\/Lcp123.htm\" target=\"_blank\" rel=\"noreferrer noopener\">LC 123\/2006<\/a>, tamb\u00e9m conhecida como Estatuto Nacional da Microempresa e da Empresa de Pequeno Porte, regulamenta o tratamento favorecido, simplificado e diferenciado a esse setor, conforme disposto na Constitui\u00e7\u00e3o Federal de 1988. O objetivo, segundo o texto, \u00e9 fomentar o desenvolvimento e a competitividade da micro e pequena empresa e do microempreendedor individual (MEI) como estrat\u00e9gia de gera\u00e7\u00e3o de emprego, distribui\u00e7\u00e3o de renda, inclus\u00e3o social, redu\u00e7\u00e3o da informalidade e fortalecimento da economia.&nbsp;<\/p>\n\n\n\n<figure class=\"wp-block-image\"><img decoding=\"async\" src=\"\/\/s3-sa-east-1.amazonaws.com\/agencia-radio-arb\/3045\/content_priorize-compras-locais_%281%29.png\" alt=\"\" title=\"Cria\u00e7\u00e3o: \u00c9rica Passos\"\/><\/figure>\n\n\n\n<p>Os benef\u00edcios criados pela Lei Geral, \u00e0 exce\u00e7\u00e3o do tratamento tribut\u00e1rio diferenciado, alcan\u00e7am tamb\u00e9m o produtor rural pessoa f\u00edsica e o agricultor familiar. \u201cFizemos uma reserva de mercado para a micro e pequena empresa em rela\u00e7\u00e3o \u00e0s compras governamentais. Isso quer dizer que o munic\u00edpio pode dar prefer\u00eancia de at\u00e9 10% a mais no pre\u00e7o para micro e pequenas empresas para compra no munic\u00edpio, no estado e na esfera federal. Isso d\u00e1 uma reserva de mercado formid\u00e1vel, come\u00e7ando pela merenda escolar. O pequeno produtor rural j\u00e1 pode fazer isso muito bem, tudo com nota fiscal, tudo bem feito\u201d, avalia o presidente da entidade. &nbsp;<\/p>\n\n\n\n<p>Para o especialista em administra\u00e7\u00e3o p\u00fablica Karlos Gad Gomes, favorecer micro e pequenos neg\u00f3cios pode injetar mais recursos na economia local e, consequentemente, acelerar o processo de retomada econ\u00f4mica p\u00f3s-pandemia. Ele cita o exemplo da participa\u00e7\u00e3o desse p\u00fablico em licita\u00e7\u00f5es municipais.&nbsp;<\/p>\n\n\n\n<p>\u201cAs prefeituras, quando da abertura de seus processos licitat\u00f3rios, podem impor requisitos no edital que beneficiem micro e pequenas empresas, tanto locais quanto regionais. Seria interessante uma amplia\u00e7\u00e3o dos requisitos vi\u00e1veis para o procedimento licitat\u00f3rio, como ampliar o limite m\u00e1ximo de exclusividade. Uma amplia\u00e7\u00e3o assim pode fomentar ainda mais esse tipo de mercado, que \u00e9 o maior mercado consumidor que temos hoje no Brasil\u201d, opina o especialista.&nbsp;<\/p>\n\n\n\n<p>Entre as a\u00e7\u00f5es do Sebrae para facilitar o acesso de pequenos neg\u00f3cios \u00e0s compras governamentais, est\u00e1 a de realiza\u00e7\u00e3o de licita\u00e7\u00e3o exclusiva para microempreendedores (as) individuais. Segundo o documento \u201cSeja um candidato empreendedor \u2013 10 dicas do Sebrae\u201d, a expectativa \u00e9 de que sejam geradas, com essa a\u00e7\u00e3o, oportunidades de trabalho e renda e incentivo aos empreendedores que est\u00e3o iniciando seu neg\u00f3cio.<\/p>\n\n\n\n<p>\u201cO ambiente de neg\u00f3cios tem sido cada dia mais visto e reconhecido como necess\u00e1rio para fazer a micro e pequena empresa continuar crescendo\u201d, aponta o presidente do Sebrae, Carlos Melles. &nbsp;<\/p>\n\n\n\n<figure class=\"wp-block-embed-youtube wp-block-embed is-type-rich is-provider-incorporar-manipulador wp-embed-aspect-16-9 wp-has-aspect-ratio\"><div class=\"wp-block-embed__wrapper\">\n<iframe loading=\"lazy\" title=\"PRESIDENTE SEBRAE - Carlos Melles\" width=\"640\" height=\"360\" src=\"https:\/\/www.youtube.com\/embed\/TPUA7NKY18Y?feature=oembed\" frameborder=\"0\" allow=\"accelerometer; autoplay; clipboard-write; encrypted-media; gyroscope; picture-in-picture; web-share\" referrerpolicy=\"strict-origin-when-cross-origin\" allowfullscreen><\/iframe>\n<\/div><\/figure>\n\n\n\n<h2 class=\"wp-block-heading\">Casos de sucesso<\/h2>\n\n\n\n<p>Na categoria \u201cCompras governamentais de pequenos neg\u00f3cios\u201d, da 10\u00aa edi\u00e7\u00e3o do Pr\u00eamio Sebrae Prefeito Empreendedor, o munic\u00edpio de S\u00e3o Jos\u00e9 de Ribamar (MA) levou a melhor. Antes de desenvolver boas pr\u00e1ticas nesse setor, a cidade demonstrava fragilidade nos procedimentos adotados pelos gestores \u2013 alguns deles, inclusive, foram objeto de investiga\u00e7\u00e3o do Minist\u00e9rio P\u00fablico Estadual. As contrata\u00e7\u00f5es, at\u00e9 ent\u00e3o, ficavam nas m\u00e3os de poucas empresas e o resultado n\u00e3o era o esperado, com atrasos e baixa qualidade de produtos e servi\u00e7os.&nbsp;<\/p>\n\n\n\n<p>Com as informa\u00e7\u00f5es em m\u00e3os, o munic\u00edpio se mexeu e desenvolveu uma din\u00e2mica com base em sete pilares: tratamento diferenciado e favorecido aos pequenos neg\u00f3cios; transpar\u00eancia; planejamento estrat\u00e9gico; aprimoramento dos processos internos; capacita\u00e7\u00e3o e orienta\u00e7\u00e3o t\u00e9cnica para as secretarias municipais; sensibiliza\u00e7\u00e3o do p\u00fablico-alvo, e parcerias estrat\u00e9gicas. As iniciativas de S\u00e3o Jos\u00e9 de Ribamar inclu\u00edram a retomada de obras p\u00fablicas e dos programas de compra direta da agricultura familiar.<\/p>\n\n\n\n<p>O resultado foi um maior n\u00famero de oportunidades geradas para os pequenos neg\u00f3cios e o de servidores municipais e de empres\u00e1rios capacitados. Houve tamb\u00e9m um aumento expressivo de recursos destinados \u00e0s licita\u00e7\u00f5es realizadas com fornecedores locais, impulsionando a economia do munic\u00edpio e estimulando pequenos neg\u00f3cios. O projeto est\u00e1 em andamento e prev\u00ea, ainda, implanta\u00e7\u00e3o do cadastro eletr\u00f4nico de fornecedores, est\u00edmulo \u00e0 formaliza\u00e7\u00e3o de pequenas empresas e maior divulga\u00e7\u00e3o de oportunidades.<\/p>\n\n\n\n<p>Em S\u00e3o Paulo, no munic\u00edpio de Limeira, o projeto \u201cEstimulando os micro e pequenos empreendedores\u201d tamb\u00e9m foi premiado na mesma categoria de compras governamentais. O projeto se destaca pela transpar\u00eancia nas compras governamentais e aumento das licita\u00e7\u00f5es exclusivas para micro e pequenas empresas. As a\u00e7\u00f5es s\u00e3o desenvolvidas pela Secretaria de Desenvolvimento, Turismo e Inova\u00e7\u00e3o.&nbsp;<\/p>\n\n\n\n<p>\u201cO empreendedorismo \u00e9 hoje a principal forma de gera\u00e7\u00f5es de renda e de emprego. Por esta raz\u00e3o, estimulamos todas as iniciativas de empreendedorismo\u201d, disse o prefeito Mario Botion na ocasi\u00e3o da entrega do pr\u00eamio.&nbsp;<\/p>\n\n\n\n<p><strong><a href=\"https:\/\/brasil61.com\/noticias\/prefeito-empreendedor-como-eleitos-e-eleitas-em-novembro-podem-ajudar-no-desenvolvimento-do-municipio-sebr200010\" target=\"_blank\" rel=\"noreferrer noopener\">Prefeito Empreendedor: como eleitos e eleitas em novembro podem ajudar no desenvolvimento do munic\u00edpio<\/a><\/strong><\/p>\n\n\n\n<p><strong><a href=\"https:\/\/brasil61.com\/noticias\/desburocratizacao-para-micro-e-pequenos-negocios-pode-dar-folego-a-economia-no-pos-pandemia-sebr200007\" target=\"_blank\" rel=\"noreferrer noopener\">Desburocratiza\u00e7\u00e3o para micro e pequenos neg\u00f3cios pode dar f\u00f4lego \u00e0 economia no p\u00f3s-pandemia<\/a><\/strong><\/p>\n\n\n\n<p><strong><a href=\"https:\/\/brasil61.com\/noticias\/sebrae-aposta-em-ideias-empreendedoras-para-os-candidatos-para-retomada-da-economia-pelo-brasil-sebr200009\" target=\"_blank\" rel=\"noreferrer noopener\">Sebrae aposta em ideias empreendedoras para os candidatos para retomada da economia pelo Brasil<\/a><\/strong><\/p>\n\n\n\n<h2 class=\"wp-block-heading\">Apoio ao gestor&nbsp;<\/h2>\n\n\n\n<p>O documento \u201cSeja um candidato empreendedor \u2013 10 dicas do Sebrae\u201d foi lan\u00e7ado recentemente pelo Sebrae e parceiros na tentativa de inserir a pauta do empreendedorismo nas campanhas eleitorais deste ano. A ideia \u00e9 incentivar futuros (as) prefeitos (as) e vereadores (as) a valorizarem os pequenos neg\u00f3cios e movimentarem a economia local.&nbsp;<\/p>\n\n\n\n<p>Entre as dez dicas, o Sebrae prop\u00f5e dar prefer\u00eancia aos pequenos neg\u00f3cios locais e regionais nas compras do munic\u00edpio; adquirir produtos da agricultura familiar para a merenda escolar; contratar microempreendedores individuais (MEIs) para realizar pequenos reparos e servi\u00e7os diversos em pr\u00e9dios e espa\u00e7os p\u00fablicos; promover campanhas de valoriza\u00e7\u00e3o de compras no com\u00e9rcio local; e apoiar a organiza\u00e7\u00e3o de feiras livres de produtos locais e da agricultura familiar.&nbsp;<\/p>\n\n\n\n<p>\u201cA campanha pol\u00edtica em si \u00e9 um ato de levar esperan\u00e7a, de levar propostas. Nesse aspecto, a micro e pequena empresa, hoje, \u00e9 a rede de sustenta\u00e7\u00e3o municipal. Ela dever\u00e1, por meio de sindicatos, associa\u00e7\u00f5es comerciais, agremia\u00e7\u00f5es, cons\u00f3rcios, despertar no candidato \u00e0 prefeitura a import\u00e2ncia das micro e pequenas empresas para o munic\u00edpio. E as micro e pequenas empresas v\u00e3o despertar no eleitor como ele pode escolher melhor um candidato comprometido com a gera\u00e7\u00e3o de emprego e renda, com a educa\u00e7\u00e3o empreendedora, com cr\u00e9dito, ou seja, \u00e9 um c\u00edrculo virtuoso que a gente espera atingir nessa pr\u00e9-campanha com os candidatos\u201d, afirma o presidente do Sebrae, Carlos Melles. &nbsp;<\/p>\n\n\n\n<figure class=\"wp-block-image\"><img decoding=\"async\" src=\"\/\/s3-sa-east-1.amazonaws.com\/agencia-radio-arb\/3046\/content_sebrae_%282%29.png\" alt=\"\" title=\"Cria\u00e7\u00e3o: \u00c9rica Passos \"\/><\/figure>\n\n\n\n<p>O guia \u00e9 uma iniciativa do Sebrae com o apoio da Frente Parlamentar Mista da Micro e Pequena Empresa, da Confedera\u00e7\u00e3o Nacional dos Munic\u00edpios (CNM), da Frente Nacional de Prefeitos (FNP), do Instituto Rui Barbosa, com a Associa\u00e7\u00e3o Nacional dos Membros do Minist\u00e9rio P\u00fablico e da Associa\u00e7\u00e3o dos Membros dos Tribunais de Contas do Brasil.&nbsp;<\/p>\n\n\n\n<p>Fonte: <a href=\"https:\/\/brasil61.com\/noticias\/micro-e-pequenas-empresas-ja-geraram-13-milhoes-de-empregos-formais-em-pouco-mais-de-dez-anos-sebr200014?email=bethdeoliveira@yahoo.com.br&amp;utm_source=email_individual&amp;utm_medium=email_individual&amp;utm_campaign=email_individual\" target=\"_blank\" rel=\"noreferrer noopener\">Brasil 61<\/a><\/p>\n","protected":false},"excerpt":{"rendered":"<p>Jalila Arabi No ano passado, os micro e pequenos neg\u00f3cios foram respons\u00e1veis pela gera\u00e7\u00e3o de<\/p>\n","protected":false},"author":2,"featured_media":3658,"comment_status":"open","ping_status":"open","sticky":false,"template":"","format":"standard","meta":{"footnotes":""},"categories":[18],"tags":[],"class_list":["post-3657","post","type-post","status-publish","format-standard","has-post-thumbnail","hentry","category-economia"],"_links":{"self":[{"href":"https:\/\/tvc16.com\/portal\/wp-json\/wp\/v2\/posts\/3657","targetHints":{"allow":["GET"]}}],"collection":[{"href":"https:\/\/tvc16.com\/portal\/wp-json\/wp\/v2\/posts"}],"about":[{"href":"https:\/\/tvc16.com\/portal\/wp-json\/wp\/v2\/types\/post"}],"author":[{"embeddable":true,"href":"https:\/\/tvc16.com\/portal\/wp-json\/wp\/v2\/users\/2"}],"replies":[{"embeddable":true,"href":"https:\/\/tvc16.com\/portal\/wp-json\/wp\/v2\/comments?post=3657"}],"version-history":[{"count":1,"href":"https:\/\/tvc16.com\/portal\/wp-json\/wp\/v2\/posts\/3657\/revisions"}],"predecessor-version":[{"id":3659,"href":"https:\/\/tvc16.com\/portal\/wp-json\/wp\/v2\/posts\/3657\/revisions\/3659"}],"wp:featuredmedia":[{"embeddable":true,"href":"https:\/\/tvc16.com\/portal\/wp-json\/wp\/v2\/media\/3658"}],"wp:attachment":[{"href":"https:\/\/tvc16.com\/portal\/wp-json\/wp\/v2\/media?parent=3657"}],"wp:term":[{"taxonomy":"category","embeddable":true,"href":"https:\/\/tvc16.com\/portal\/wp-json\/wp\/v2\/categories?post=3657"},{"taxonomy":"post_tag","embeddable":true,"href":"https:\/\/tvc16.com\/portal\/wp-json\/wp\/v2\/tags?post=3657"}],"curies":[{"name":"wp","href":"https:\/\/api.w.org\/{rel}","templated":true}]}}