{"id":3660,"date":"2020-10-23T15:55:53","date_gmt":"2020-10-23T15:55:53","guid":{"rendered":"https:\/\/tvc16.com\/portal\/?p=3660"},"modified":"2020-10-23T15:55:53","modified_gmt":"2020-10-23T15:55:53","slug":"representantes-da-industria-e-lider-do-governo-na-camara-debatem-caminhos-para-retomada-economica-do-pais","status":"publish","type":"post","link":"https:\/\/tvc16.com\/portal\/2020\/10\/23\/representantes-da-industria-e-lider-do-governo-na-camara-debatem-caminhos-para-retomada-economica-do-pais\/","title":{"rendered":"Representantes da ind\u00fastria e l\u00edder do governo na C\u00e2mara debatem caminhos para retomada econ\u00f4mica do pa\u00eds"},"content":{"rendered":"\n<h4 class=\"wp-block-heading\"><em>Felipe Moura<\/em><\/h4>\n\n\n\n<p>Em live que ocorreu nesta quinta-feira (22), representantes da ind\u00fastria e o l\u00edder do governo na C\u00e2mara dos Deputados, o parlamentar Ricardo Barros (PP-PR), defenderam o avan\u00e7o da agenda de reformas e das privatiza\u00e7\u00f5es para a retomada do crescimento econ\u00f4mico do Pa\u00eds p\u00f3s-pandemia da Covid-19. O evento \u201cInd\u00fastria em Debate: o que fazer para o Brasil voltar a crescer\u201d, foi promovido pela B\u00fassola em parceria com a CNI, Sesi, Senai e Exame.<br>&nbsp;<br>O deputado federal Ricardo Barros afirmou que o momento para a recupera\u00e7\u00e3o econ\u00f4mica \u00e9 favor\u00e1vel, uma vez que o Congresso Nacional \u00e9 \u201creformista\u201d. Ele elenca as reformas tribut\u00e1ria e administrativa, as privatiza\u00e7\u00f5es e os marcos legais do saneamento e do g\u00e1s natural como pontos cruciais.<br>&nbsp;<br>\u201cDepois da elei\u00e7\u00e3o, o governo vai apresentar as suas propostas para ver quais t\u00eam ades\u00e3o, possibilidade de aprova\u00e7\u00e3o. A nova ordem da articula\u00e7\u00e3o pol\u00edtica \u00e9 combina primeiro, anuncia depois. Temos que ter uma articula\u00e7\u00e3o que permita comunicar com a sociedade e o mercado aquilo que j\u00e1 temos apoio no Congresso para aprovar\u201d, destacou.<br>&nbsp;<br>O presidente da Confedera\u00e7\u00e3o Nacional da Ind\u00fastria (CNI), Robson Andrade, disse que as medidas do Executivo e do Legislativo de socorro \u00e0s empresas, como a posterga\u00e7\u00e3o do pagamento de impostos e os financiamentos para manter os sal\u00e1rios dos funcion\u00e1rios, al\u00e9m do aux\u00edlio emergencial, foram importantes para minimizar os impactos sobre a economia e para garantir um ambiente mais otimista na retomada.<br>&nbsp;<br>Agora, ele aposta, sobretudo nas mudan\u00e7as no regime de tributa\u00e7\u00e3o e na m\u00e1quina p\u00fablica para acelerar o crescimento. \u201c\u00c9 preciso fazer a\u00e7\u00f5es que permitam recuperar mais rapidamente a economia com sustentabilidade, em um ambiente que permita dar competitividade \u00e0s empresas brasileiras. J\u00e1 estamos discutindo a reforma tribut\u00e1ria, que \u00e9 fundamental n\u00e3o s\u00f3 para as empresas, mas para atrair investimentos, que \u00e9 o que gera emprego\u201d, destacou Andrade.<\/p>\n\n\n\n<p><strong><a href=\"https:\/\/brasil61.com\/noticias\/cni-e-especialistas-voltam-a-defender-reforma-tributaria-ampla-e-geral-e-criticam-nova-cpmf-pind202208\">CNI e especialistas voltam a defender reforma tribut\u00e1ria ampla e geral e criticam \u201cnova CPMF\u201d<\/a><\/strong><\/p>\n\n\n\n<p><strong><a href=\"https:\/\/brasil61.com\/noticias\/rombo-nas-contas-publicas-pode-chegar-a-3-do-pib-bras202090\">Rombo nas contas p\u00fablicas pode chegar a 3% do PIB<\/a><\/strong><\/p>\n\n\n\n<h2 class=\"wp-block-heading\">Reforma Tribut\u00e1ria<\/h2>\n\n\n\n<p>Algumas propostas de reforma tribut\u00e1ria j\u00e1 est\u00e3o sendo discutidas no Congresso Nacional. A mais adiantada delas \u00e9 a <a href=\"https:\/\/www.camara.leg.br\/proposicoesWeb\/prop_mostrarintegra;jsessionid=761587EDB1DD29F31B4D2E1E62D82ADC.proposicoesWebExterno1?codteor=1728369&amp;filename=PEC+45\/2019\">PEC (Proposta de Emenda \u00e0 Constitui\u00e7\u00e3o) 45<\/a>, na C\u00e2mara, cujo relator \u00e9 o deputado Aguinaldo Ribeiro. O texto prop\u00f5e um imposto \u00fanico sobre bens e servi\u00e7os, que substituiria outros cinco tributos (PIS, Cofins, IPI, ICMS e ISS). Chamado de IBS, o tributo \u00fanico teria al\u00edquota com tributa\u00e7\u00e3o no destino. Exporta\u00e7\u00f5es e investimentos seriam desonerados.<br>&nbsp;<br>Os representantes da ind\u00fastria declararam apoio \u00e0 medida, mas refor\u00e7aram que o setor espera um tratamento mais justo, pois \u00e9 um dos mais onerados pelo sistema tribut\u00e1rio. Presidente da Federa\u00e7\u00e3o das Ind\u00fastrias do Paran\u00e1, Carlos Valter Martins, destacou que a reforma tribut\u00e1ria \u00e9 a oportunidade de equilibrar a contribui\u00e7\u00e3o de cada segmento.<br>&nbsp;<br><img decoding=\"async\" alt=\"\" src=\"\/\/s3-sa-east-1.amazonaws.com\/agencia-radio-arb\/3047\/content_olho-carrlos-valter.png\"><br>&nbsp;<br>Embora represente 20,9% do PIB nacional, o segmento industrial \u00e9 respons\u00e1vel por 33% da arrecada\u00e7\u00e3o de tributos a n\u00edvel federal (exceto receitas previdenci\u00e1rias) e por 31,2% da arrecada\u00e7\u00e3o previdenci\u00e1ria patronal. Al\u00e9m disso, para cada R$ 1 produzido na ind\u00fastria, s\u00e3o gerados R$ 2,40 na economia brasileira. Na agricultura, esse retorno \u00e9 de R$ 1,66, e no Com\u00e9rcio e Servi\u00e7os, de R$ 1,49. &nbsp;<br>&nbsp;<br>Humberto Barbato, presidente da Abinee (Associa\u00e7\u00e3o Brasileira da Ind\u00fastria El\u00e9trica e Eletr\u00f4nica) tamb\u00e9m acredita que a reforma \u00e9 importante para que a ind\u00fastria brasileira seja mais competitiva a n\u00edvel internacional. \u201cEssas reformas s\u00e3o uma grande oportunidade para reindustrializar o nosso pa\u00eds, at\u00e9 porque as vulnerabilidades que a pandemia trouxe, demonstram que existe um grande espa\u00e7o para incrementarmos a ind\u00fastria no nosso Brasil.\u201d<\/p>\n\n\n\n<h2 class=\"wp-block-heading\">Privatiza\u00e7\u00f5es<\/h2>\n\n\n\n<p>L\u00edder do governo na C\u00e2mara, Barros afirmou que as privatiza\u00e7\u00f5es v\u00e3o avan\u00e7ar com mais intensidade no Legislativo a partir do ano que vem, j\u00e1 que h\u00e1 um acordo do governo com o Congresso para que esse tipo de mat\u00e9ria s\u00f3 fosse pautada em 2021.<br>&nbsp;<br>Fato \u00e9 que a proposta para privatiza\u00e7\u00e3o dos Correios deve ser a primeira a ser apresentada aos parlamentares. \u201cA partir de fevereiro vamos avan\u00e7ar muito nas privatiza\u00e7\u00f5es. Precisamos transformar o estado brasileiro em um estado mais leve\u201d, avaliou Barros.<br>&nbsp;<br>\u201cAs privatiza\u00e7\u00f5es precisam avan\u00e7ar de maneira mais r\u00e1pida e c\u00e9lere, porque isso vai ser uma possibilidade de neg\u00f3cios, de desenvolvimento e de gera\u00e7\u00e3o de empregos\u201d, complementou Robson Andrade.<\/p>\n\n\n\n<h2 class=\"wp-block-heading\">N\u00e3o se mexe<\/h2>\n\n\n\n<p>Apesar do aumento crescente do d\u00e9ficit para este ano, devido aos recursos do governo para combater a pandemia, foi consenso entre os participantes que \u00e9 preciso respeitar o teto de gastos e n\u00e3o aumentar a carga tribut\u00e1ria, dois \u201cmantras\u201d determinados pelo presidente Jair Bolsonaro, garantiu Barros. \u201cO presidente disse \u2018\u00d3, voc\u00eas podem achar uma solu\u00e7\u00e3o desde que n\u00e3o fure o teto e n\u00e3o aumente a carga tribut\u00e1ria\u2019\u201c.<br>&nbsp;<br>\u201cA solu\u00e7\u00e3o n\u00e3o \u00e9 simples, vamos continuar buscando alternativas com o Congresso, equipe econ\u00f4mica e demais l\u00edderes do governo para que a gente possa criar esse ambiente de avan\u00e7o\u201d, afirmou Barros.&nbsp;<br>&nbsp;<br>De acordo com a Consultoria de Or\u00e7amento e Fiscaliza\u00e7\u00e3o Financeira da C\u00e2mara dos Deputados, at\u00e9 20 de outubro, o governo j\u00e1 havia gasto cerca de R$ 460 bilh\u00f5es no enfrentamento \u00e0 pandemia, cerca de 77% do que foi autorizado.<\/p>\n\n\n\n<p>Fonte: <a href=\"https:\/\/brasil61.com\/noticias\/representantes-da-industria-e-lider-do-governo-na-camara-debatem-caminhos-para-retomada-economica-do-pais-pind202221?email=bethdeoliveira@yahoo.com.br&amp;utm_source=email_individual&amp;utm_medium=email_individual&amp;utm_campaign=email_individual\" target=\"_blank\" rel=\"noreferrer noopener\">Brasil 61<\/a><\/p>\n","protected":false},"excerpt":{"rendered":"<p>Felipe Moura Em live que ocorreu nesta quinta-feira (22), representantes da ind\u00fastria e o l\u00edder<\/p>\n","protected":false},"author":2,"featured_media":3661,"comment_status":"open","ping_status":"open","sticky":false,"template":"","format":"standard","meta":{"footnotes":""},"categories":[18],"tags":[],"class_list":["post-3660","post","type-post","status-publish","format-standard","has-post-thumbnail","hentry","category-economia"],"_links":{"self":[{"href":"https:\/\/tvc16.com\/portal\/wp-json\/wp\/v2\/posts\/3660","targetHints":{"allow":["GET"]}}],"collection":[{"href":"https:\/\/tvc16.com\/portal\/wp-json\/wp\/v2\/posts"}],"about":[{"href":"https:\/\/tvc16.com\/portal\/wp-json\/wp\/v2\/types\/post"}],"author":[{"embeddable":true,"href":"https:\/\/tvc16.com\/portal\/wp-json\/wp\/v2\/users\/2"}],"replies":[{"embeddable":true,"href":"https:\/\/tvc16.com\/portal\/wp-json\/wp\/v2\/comments?post=3660"}],"version-history":[{"count":1,"href":"https:\/\/tvc16.com\/portal\/wp-json\/wp\/v2\/posts\/3660\/revisions"}],"predecessor-version":[{"id":3662,"href":"https:\/\/tvc16.com\/portal\/wp-json\/wp\/v2\/posts\/3660\/revisions\/3662"}],"wp:featuredmedia":[{"embeddable":true,"href":"https:\/\/tvc16.com\/portal\/wp-json\/wp\/v2\/media\/3661"}],"wp:attachment":[{"href":"https:\/\/tvc16.com\/portal\/wp-json\/wp\/v2\/media?parent=3660"}],"wp:term":[{"taxonomy":"category","embeddable":true,"href":"https:\/\/tvc16.com\/portal\/wp-json\/wp\/v2\/categories?post=3660"},{"taxonomy":"post_tag","embeddable":true,"href":"https:\/\/tvc16.com\/portal\/wp-json\/wp\/v2\/tags?post=3660"}],"curies":[{"name":"wp","href":"https:\/\/api.w.org\/{rel}","templated":true}]}}