{"id":3673,"date":"2020-10-23T16:10:19","date_gmt":"2020-10-23T16:10:19","guid":{"rendered":"https:\/\/tvc16.com\/portal\/?p=3673"},"modified":"2020-10-23T16:10:19","modified_gmt":"2020-10-23T16:10:19","slug":"aos-80-anos-pele-e-homenageado-pela-fifa","status":"publish","type":"post","link":"https:\/\/tvc16.com\/portal\/2020\/10\/23\/aos-80-anos-pele-e-homenageado-pela-fifa\/","title":{"rendered":"Aos 80 anos, Pel\u00e9 \u00e9 homenageado pela Fifa"},"content":{"rendered":"\n<h3 class=\"wp-block-heading\">Atacante foi tr\u00eas vezes campe\u00e3o mundial pela Sele\u00e7\u00e3o: 58, 62 e 70<\/h3>\n\n\n\n<h4 class=\"wp-block-heading\">Por Luciano Nascimento &#8211; Rep\u00f3rter da Ag\u00eancia Brasil &#8211; Bras\u00edlia<\/h4>\n\n\n\n<p>Em reconhecimento ao seu legado para o futebol, a<a href=\"http:\/\/www.fifa.com\/?nav=internal\" target=\"_blank\" rel=\"noreferrer noopener\">&nbsp;Fifa<\/a>&nbsp;(Federa\u00e7\u00e3o Internacional de Futebol) prestou uma homenagem a Edson Arantes do Nascimento,&nbsp; o Pel\u00e9, que completa 80 anos hoje (23). A Fifa iniciou as a\u00e7\u00f5es desde as primeiras horas desta desta sexta-feira (23), com postagens nas redes sociais de felicita\u00e7\u00f5es a Pel\u00e9, considerado o melhor jogador de todos os tempos.<img decoding=\"async\" src=\"https:\/\/agenciabrasil.ebc.com.br\/ebc.png?id=1391389&amp;o=node\"><img decoding=\"async\" src=\"https:\/\/agenciabrasil.ebc.com.br\/ebc.gif?id=1391389&amp;o=node\"><\/p>\n\n\n\n<p>\u201cFeliz Anivers\u00e1rio de 80 anos ao Rei\u201d, diz o t\u00edtulo de uma das tr\u00eas publica\u00e7\u00f5es em rela\u00e7\u00e3o ao ex-atacante do Santos e da Sele\u00e7\u00e3o Brasileira.<\/p>\n\n\n\n<p>Entre as homenagens, figuram fotos, v\u00eddeos, n\u00fameros do ex- atacante, depoimentos de jogadores e de celebridades internacionais, como o l\u00edder da banda Rolling Stones, Mick Jagger, e o ex-presidente da \u00c1frica do Sul, Nelson Mandela.<\/p>\n\n\n\n<p>As redes sociais da entidade tamb\u00e9m prestaram homenagens a Pel\u00e9. \u201cObrigado por tudo e tenha um lindo anivers\u00e1rio de 80 anos\u201d, diz uma postagem.<\/p>\n\n\n\n<p>Em outra mensagem, a Fifa disse que nenhuma a\u00e7\u00e3o vai fazer justi\u00e7a ao legado do craque. Durante a sua carreira, Pel\u00e9 ganhou tr\u00eas Copas do Mundo (58, 62 e 70), duas Libertadores, seis Campeonatos Brasileiros e foi escolhido sete vezes o melhor jogador do mundo pela revista France Football. Ele ainda foi eleito o melhor jogador do s\u00e9culo XX pela Fifa.<\/p>\n\n\n\n<p>\u201cPel\u00e9, nenhuma palavra vai fazer justi\u00e7a a voc\u00ea, mas o material publicado aqui, e o desejo de tantas lendas do futebol, por todo o mundo, que reservaram um tempo nestes momentos dif\u00edceis para te homenagear, talvez isso seja o que melhor para ilustrar a incalcul\u00e1vel import\u00e2ncia que voc\u00ea tem para o futebol\u201d, disse a Fifa.<\/p>\n\n\n\n<h2 class=\"wp-block-heading\">Reconhecimento mundial<\/h2>\n\n\n\n<p>A entidade afirmou ainda que n\u00e3o tem como mensurar o que ex-artilheiro do Santos fez pelo futebol dentro e fora de campo.<\/p>\n\n\n\n<p>\u201cH\u00e1 uns poucos nomes que s\u00e3o conhecidos no mundo todo. Isso inclui algumas figuras hist\u00f3ricas, um pequeno n\u00famero de \u00edcones da m\u00fasica e do cinema, assim como um grupo exclusivo de esportistas, sendo Pel\u00e9 um deles, de forma inquestion\u00e1vel. N\u00e3o importa a gera\u00e7\u00e3o, o pa\u00eds ou a origem das pessoas, todos conhecem o famoso atacante brasileiro\u201d, disse a entidade.<\/p>\n\n\n\n<p>Edi\u00e7\u00e3o: Kleber Sampaio<\/p>\n\n\n\n<p><\/p>\n","protected":false},"excerpt":{"rendered":"<p>Atacante foi tr\u00eas vezes campe\u00e3o mundial pela Sele\u00e7\u00e3o: 58, 62 e 70 Por Luciano Nascimento<\/p>\n","protected":false},"author":2,"featured_media":3674,"comment_status":"open","ping_status":"open","sticky":false,"template":"","format":"standard","meta":{"footnotes":""},"categories":[20],"tags":[],"class_list":["post-3673","post","type-post","status-publish","format-standard","has-post-thumbnail","hentry","category-esporte"],"_links":{"self":[{"href":"https:\/\/tvc16.com\/portal\/wp-json\/wp\/v2\/posts\/3673","targetHints":{"allow":["GET"]}}],"collection":[{"href":"https:\/\/tvc16.com\/portal\/wp-json\/wp\/v2\/posts"}],"about":[{"href":"https:\/\/tvc16.com\/portal\/wp-json\/wp\/v2\/types\/post"}],"author":[{"embeddable":true,"href":"https:\/\/tvc16.com\/portal\/wp-json\/wp\/v2\/users\/2"}],"replies":[{"embeddable":true,"href":"https:\/\/tvc16.com\/portal\/wp-json\/wp\/v2\/comments?post=3673"}],"version-history":[{"count":1,"href":"https:\/\/tvc16.com\/portal\/wp-json\/wp\/v2\/posts\/3673\/revisions"}],"predecessor-version":[{"id":3675,"href":"https:\/\/tvc16.com\/portal\/wp-json\/wp\/v2\/posts\/3673\/revisions\/3675"}],"wp:featuredmedia":[{"embeddable":true,"href":"https:\/\/tvc16.com\/portal\/wp-json\/wp\/v2\/media\/3674"}],"wp:attachment":[{"href":"https:\/\/tvc16.com\/portal\/wp-json\/wp\/v2\/media?parent=3673"}],"wp:term":[{"taxonomy":"category","embeddable":true,"href":"https:\/\/tvc16.com\/portal\/wp-json\/wp\/v2\/categories?post=3673"},{"taxonomy":"post_tag","embeddable":true,"href":"https:\/\/tvc16.com\/portal\/wp-json\/wp\/v2\/tags?post=3673"}],"curies":[{"name":"wp","href":"https:\/\/api.w.org\/{rel}","templated":true}]}}