{"id":3679,"date":"2020-10-23T16:21:51","date_gmt":"2020-10-23T16:21:51","guid":{"rendered":"https:\/\/tvc16.com\/portal\/?p=3679"},"modified":"2020-10-23T16:21:51","modified_gmt":"2020-10-23T16:21:51","slug":"mp-prende-ex-deputado-por-esquema-de-rachadinha-no-rio","status":"publish","type":"post","link":"https:\/\/tvc16.com\/portal\/2020\/10\/23\/mp-prende-ex-deputado-por-esquema-de-rachadinha-no-rio\/","title":{"rendered":"MP prende ex-deputado por esquema de rachadinha no Rio"},"content":{"rendered":"\n<h3 class=\"wp-block-heading\">Acusados s\u00e3o Silas Bento e o filho dele, Vanderson bento<\/h3>\n\n\n\n<h4 class=\"wp-block-heading\">Por Vitor Abdala &#8211; Rep\u00f3rter da Ag\u00eancia Brasil &#8211; Rio de Janeiro<\/h4>\n\n\n\n<p>O Minist\u00e9rio P\u00fablico do Rio de Janeiro (MPRJ) prendeu&nbsp;<img decoding=\"async\" src=\"https:\/\/agenciabrasil.ebc.com.br\/ebc.png?id=1391364&amp;o=node\"><img decoding=\"async\" src=\"https:\/\/agenciabrasil.ebc.com.br\/ebc.gif?id=1391364&amp;o=node\">hoje&nbsp;<img decoding=\"async\" src=\"https:\/\/agenciabrasil.ebc.com.br\/ebc.png?id=1391364&amp;o=node\"><img decoding=\"async\" src=\"https:\/\/agenciabrasil.ebc.com.br\/ebc.gif?id=1391364&amp;o=node\">(23) o ex-deputado estadual Silas Bento e o filho dele, Vanderson Bento, acusados de participar de um esquema de rachadinha no gabinete de Silas, na Assembleia Legislativa do Rio (Alerj). Os mandados de pris\u00e3o preventiva foram expedidos pela 2\u00aa&nbsp;<img decoding=\"async\" src=\"https:\/\/agenciabrasil.ebc.com.br\/ebc.png?id=1391364&amp;o=node\"><img decoding=\"async\" src=\"https:\/\/agenciabrasil.ebc.com.br\/ebc.gif?id=1391364&amp;o=node\">Vara Criminal de Cabo Frio.<\/p>\n\n\n\n<p>Segundo a den\u00fancia do MPRJ, uma das assessoras de Silas Bento foi nomeada em janeiro de 2017 para seu gabinete, com a condi\u00e7\u00e3o de repassar R$ 10 mil de seu sal\u00e1rio de R$ 11 mil para Vanderson. A assessora n\u00e3o precisaria comparecer ao gabinete. O preju\u00edzo causado pelo suposto esquema aos cofres p\u00fablicos pode&nbsp;<img decoding=\"async\" src=\"https:\/\/agenciabrasil.ebc.com.br\/ebc.png?id=1391364&amp;o=node\"><img decoding=\"async\" src=\"https:\/\/agenciabrasil.ebc.com.br\/ebc.gif?id=1391364&amp;o=node\">ter&nbsp;<img decoding=\"async\" src=\"https:\/\/agenciabrasil.ebc.com.br\/ebc.png?id=1391364&amp;o=node\"><img decoding=\"async\" src=\"https:\/\/agenciabrasil.ebc.com.br\/ebc.gif?id=1391364&amp;o=node\">chegado a R$ 250 mil.<\/p>\n\n\n\n<p>A assessora\u00a0<img decoding=\"async\" src=\"https:\/\/agenciabrasil.ebc.com.br\/ebc.png?id=1391364&amp;o=node\"><img decoding=\"async\" src=\"https:\/\/agenciabrasil.ebc.com.br\/ebc.gif?id=1391364&amp;o=node\">ter\u00e1 que comparecer mensalmente \u00e0 Justi\u00e7a e n\u00e3o poder\u00e1 manter contato com Silas ou com o filho dele. Os tr\u00eas foram denunciados por organiza\u00e7\u00e3o criminosa e peculato. J\u00e1 Silas foi denunciado tamb\u00e9m por lavagem de dinheiro e extors\u00e3o.<\/p>\n\n\n\n<figure class=\"wp-block-image size-large\"><img loading=\"lazy\" decoding=\"async\" width=\"275\" height=\"183\" src=\"https:\/\/tvc16.com\/portal\/wp-content\/uploads\/2020\/10\/SILAS.jpg\" alt=\"\" class=\"wp-image-3680\"\/><\/figure>\n\n\n\n<p>Edi\u00e7\u00e3o: Gra\u00e7a Adjuto<\/p>\n","protected":false},"excerpt":{"rendered":"<p>Acusados s\u00e3o Silas Bento e o filho dele, Vanderson bento Por Vitor Abdala &#8211; Rep\u00f3rter<\/p>\n","protected":false},"author":2,"featured_media":3681,"comment_status":"open","ping_status":"open","sticky":false,"template":"","format":"standard","meta":{"footnotes":""},"categories":[15],"tags":[],"class_list":["post-3679","post","type-post","status-publish","format-standard","has-post-thumbnail","hentry","category-politica"],"_links":{"self":[{"href":"https:\/\/tvc16.com\/portal\/wp-json\/wp\/v2\/posts\/3679","targetHints":{"allow":["GET"]}}],"collection":[{"href":"https:\/\/tvc16.com\/portal\/wp-json\/wp\/v2\/posts"}],"about":[{"href":"https:\/\/tvc16.com\/portal\/wp-json\/wp\/v2\/types\/post"}],"author":[{"embeddable":true,"href":"https:\/\/tvc16.com\/portal\/wp-json\/wp\/v2\/users\/2"}],"replies":[{"embeddable":true,"href":"https:\/\/tvc16.com\/portal\/wp-json\/wp\/v2\/comments?post=3679"}],"version-history":[{"count":1,"href":"https:\/\/tvc16.com\/portal\/wp-json\/wp\/v2\/posts\/3679\/revisions"}],"predecessor-version":[{"id":3682,"href":"https:\/\/tvc16.com\/portal\/wp-json\/wp\/v2\/posts\/3679\/revisions\/3682"}],"wp:featuredmedia":[{"embeddable":true,"href":"https:\/\/tvc16.com\/portal\/wp-json\/wp\/v2\/media\/3681"}],"wp:attachment":[{"href":"https:\/\/tvc16.com\/portal\/wp-json\/wp\/v2\/media?parent=3679"}],"wp:term":[{"taxonomy":"category","embeddable":true,"href":"https:\/\/tvc16.com\/portal\/wp-json\/wp\/v2\/categories?post=3679"},{"taxonomy":"post_tag","embeddable":true,"href":"https:\/\/tvc16.com\/portal\/wp-json\/wp\/v2\/tags?post=3679"}],"curies":[{"name":"wp","href":"https:\/\/api.w.org\/{rel}","templated":true}]}}