{"id":3686,"date":"2020-10-23T17:14:45","date_gmt":"2020-10-23T17:14:45","guid":{"rendered":"https:\/\/tvc16.com\/portal\/?p=3686"},"modified":"2020-10-23T17:14:45","modified_gmt":"2020-10-23T17:14:45","slug":"orgaos-de-seguranca-se-reunem-para-definir-planejamento-de-cobertura-do-enem-2020","status":"publish","type":"post","link":"https:\/\/tvc16.com\/portal\/2020\/10\/23\/orgaos-de-seguranca-se-reunem-para-definir-planejamento-de-cobertura-do-enem-2020\/","title":{"rendered":"\u00d3rg\u00e3os de seguran\u00e7a se re\u00fanem para definir planejamento de cobertura do Enem 2020"},"content":{"rendered":"\n<p>Pol\u00edcia Federal ser\u00e1 respons\u00e1vel pela intelig\u00eancia e preven\u00e7\u00e3o de poss\u00edveis fraudes<\/p>\n\n\n\n<p>As estrat\u00e9gias da Opera\u00e7\u00e3o Enem 2020, que envolve o planejamento da distribui\u00e7\u00e3o das provas, a avalia\u00e7\u00e3o de riscos e a garantia de seguran\u00e7a para a realiza\u00e7\u00e3o do exame, foram debatidas e j\u00e1 est\u00e3o sendo definidas.<\/p>\n\n\n\n<p>Em um encontro t\u00e9cnico dos \u00f3rg\u00e3os de seguran\u00e7a respons\u00e1veis ocorrido no \u00faltimo dia 21, ficou definido que a Pol\u00edcia Federal ser\u00e1 respons\u00e1vel pela intelig\u00eancia e preven\u00e7\u00e3o de poss\u00edveis fraudes. J\u00e1 as Pol\u00edcias Civil, Militar e Guardas Municipais, ficar\u00e3o com o apoio log\u00edstico e refor\u00e7o aos pontos de prova.<\/p>\n\n\n\n<p>Por fim, o Ex\u00e9rcito Brasileiro \u00e9 respons\u00e1vel pela guarda das provas e a Pol\u00edcia Rodovi\u00e1ria Federal pelo transporte dos testes pelas rodovias federais.<\/p>\n\n\n\n<p>Neste ano, os representantes dos estados e do Distrito Federal poder\u00e3o acompanhar, em tempo real, as a\u00e7\u00f5es da opera\u00e7\u00e3o por meio de uma plataforma.<\/p>\n\n\n\n<p>Al\u00e9m do Enem ser um exame de grande dimens\u00e3o, a edi\u00e7\u00e3o de 2020 ainda tem mudan\u00e7as devido \u00e0 Covid-19. A come\u00e7ar pela data das provas, que foi adiada de novembro para janeiro. A vers\u00e3o impressa ser\u00e1 aplicada nos dias 7 e 24 de janeiro de 2021. A digital, nos dias 31 de janeiro e 7 de fevereiro de 2021.<br>&nbsp;<\/p>\n\n\n\n<p>Fonte: <a href=\"https:\/\/brasil61.com\/noticias\/orgaos-de-seguranca-se-reunem-para-definir-planejamento-de-cobertura-do-enem-2020-bras202344?email=bethdeoliveira@yahoo.com.br&amp;utm_source=newsletter&amp;utm_medium=newsletter&amp;utm_campaign=newsletter\" target=\"_blank\" rel=\"noreferrer noopener\">Brasil 61<\/a><\/p>\n","protected":false},"excerpt":{"rendered":"<p>Pol\u00edcia Federal ser\u00e1 respons\u00e1vel pela intelig\u00eancia e preven\u00e7\u00e3o de poss\u00edveis fraudes As estrat\u00e9gias da Opera\u00e7\u00e3o<\/p>\n","protected":false},"author":2,"featured_media":3687,"comment_status":"open","ping_status":"open","sticky":false,"template":"","format":"standard","meta":{"footnotes":""},"categories":[19],"tags":[],"class_list":["post-3686","post","type-post","status-publish","format-standard","has-post-thumbnail","hentry","category-educacao"],"_links":{"self":[{"href":"https:\/\/tvc16.com\/portal\/wp-json\/wp\/v2\/posts\/3686","targetHints":{"allow":["GET"]}}],"collection":[{"href":"https:\/\/tvc16.com\/portal\/wp-json\/wp\/v2\/posts"}],"about":[{"href":"https:\/\/tvc16.com\/portal\/wp-json\/wp\/v2\/types\/post"}],"author":[{"embeddable":true,"href":"https:\/\/tvc16.com\/portal\/wp-json\/wp\/v2\/users\/2"}],"replies":[{"embeddable":true,"href":"https:\/\/tvc16.com\/portal\/wp-json\/wp\/v2\/comments?post=3686"}],"version-history":[{"count":1,"href":"https:\/\/tvc16.com\/portal\/wp-json\/wp\/v2\/posts\/3686\/revisions"}],"predecessor-version":[{"id":3688,"href":"https:\/\/tvc16.com\/portal\/wp-json\/wp\/v2\/posts\/3686\/revisions\/3688"}],"wp:featuredmedia":[{"embeddable":true,"href":"https:\/\/tvc16.com\/portal\/wp-json\/wp\/v2\/media\/3687"}],"wp:attachment":[{"href":"https:\/\/tvc16.com\/portal\/wp-json\/wp\/v2\/media?parent=3686"}],"wp:term":[{"taxonomy":"category","embeddable":true,"href":"https:\/\/tvc16.com\/portal\/wp-json\/wp\/v2\/categories?post=3686"},{"taxonomy":"post_tag","embeddable":true,"href":"https:\/\/tvc16.com\/portal\/wp-json\/wp\/v2\/tags?post=3686"}],"curies":[{"name":"wp","href":"https:\/\/api.w.org\/{rel}","templated":true}]}}