{"id":3689,"date":"2020-10-23T17:17:16","date_gmt":"2020-10-23T17:17:16","guid":{"rendered":"https:\/\/tvc16.com\/portal\/?p=3689"},"modified":"2020-10-23T17:17:16","modified_gmt":"2020-10-23T17:17:16","slug":"prazo-para-certificacao-de-entidades-beneficentes-e-prorrogado-ate-o-fim-do-ano","status":"publish","type":"post","link":"https:\/\/tvc16.com\/portal\/2020\/10\/23\/prazo-para-certificacao-de-entidades-beneficentes-e-prorrogado-ate-o-fim-do-ano\/","title":{"rendered":"Prazo para certifica\u00e7\u00e3o de entidades beneficentes \u00e9 prorrogado at\u00e9 o fim do ano"},"content":{"rendered":"\n<p>Em raz\u00e3o da pandemia de Covid-19 foi determinada a suspens\u00e3o, at\u00e9 31 de dezembro de 2020, do prazo para as entidades apresentarem o requerimento para o processo de certifica\u00e7\u00e3o<\/p>\n\n\n\n<p>O Governo Federal prorrogou o prazo para processos relativos \u00e0 Certifica\u00e7\u00e3o das Entidades Beneficentes de Assist\u00eancia Social (CEBAS). Em raz\u00e3o da pandemia de Covid-19 foi determinada a suspens\u00e3o, at\u00e9 31 de dezembro de 2020, do prazo para as entidades apresentarem o requerimento para o processo de certifica\u00e7\u00e3o.&nbsp;<\/p>\n\n\n\n<p>O certificado \u00e9 concedido \u00e0 pessoas jur\u00eddicas de direito privado, sem fins lucrativos, reconhecidas como entidades beneficentes de assist\u00eancia social que prestem servi\u00e7os nas \u00e1reas de educa\u00e7\u00e3o, assist\u00eancia social ou sa\u00fade.<\/p>\n\n\n\n<p><strong><a href=\"https:\/\/brasil61.com\/noticias\/governo-destina-mais-de-r-10-milhoes-para-acolhimento-de-dependentes-quimicos-em-situacao-de-rua-bras202097\">Governo destina mais de R$ 10 milh\u00f5es para acolhimento de dependentes qu\u00edmicos em situa\u00e7\u00e3o de rua<\/a><\/strong><\/p>\n\n\n\n<p><a href=\"https:\/\/brasil61.com\/noticias\/sistema-unico-de-assistencia-social-recebeu-mais-de-r-1-bilhao-para-enfrentar-a-covid-19-bras202050\"><strong>Sistema \u00danico de Assist\u00eancia Social recebeu mais de R$1 bilh\u00e3o para enfrentar a Covid-19<\/strong><\/a><\/p>\n\n\n\n<p>Esta \u00e9 a terceira prorroga\u00e7\u00e3o promovida neste ano pelo Minist\u00e9rio da Cidadania diante do estado de calamidade p\u00fablica. Segundo o &nbsp;Departamento da Rede Socioassistencial Privada do SUAS (DRSP), as entidades estavam com dificuldades de seguir com a realiza\u00e7\u00e3o de suas atividades, bem como com os processos de requerimento do certificado durante a pandemia.<\/p>\n\n\n\n<p>A medida teve como objetivo dar continuidade a oferta de servi\u00e7os e programas. A rede socioassistencial privada \u00e9 formada por quase 15 mil entidades. &nbsp;1.587 unidades s\u00e3o de acolhimento institucional para idosos, por exemplo, o que corresponde a 89% dos idosos acolhidos no Brasil.&nbsp;<\/p>\n\n\n\n<p>Fonte: <a href=\"https:\/\/brasil61.com\/noticias\/prazo-para-certificacao-de-entidades-beneficentes-e-prorrogado-ate-o-fim-do-ano-bras202342?email=bethdeoliveira@yahoo.com.br&amp;utm_source=newsletter&amp;utm_medium=newsletter&amp;utm_campaign=newsletter\" target=\"_blank\" rel=\"noreferrer noopener\">Brasil 61<\/a><\/p>\n","protected":false},"excerpt":{"rendered":"<p>Em raz\u00e3o da pandemia de Covid-19 foi determinada a suspens\u00e3o, at\u00e9 31 de dezembro de<\/p>\n","protected":false},"author":2,"featured_media":3690,"comment_status":"open","ping_status":"open","sticky":false,"template":"","format":"standard","meta":{"footnotes":""},"categories":[14],"tags":[],"class_list":["post-3689","post","type-post","status-publish","format-standard","has-post-thumbnail","hentry","category-pais"],"_links":{"self":[{"href":"https:\/\/tvc16.com\/portal\/wp-json\/wp\/v2\/posts\/3689","targetHints":{"allow":["GET"]}}],"collection":[{"href":"https:\/\/tvc16.com\/portal\/wp-json\/wp\/v2\/posts"}],"about":[{"href":"https:\/\/tvc16.com\/portal\/wp-json\/wp\/v2\/types\/post"}],"author":[{"embeddable":true,"href":"https:\/\/tvc16.com\/portal\/wp-json\/wp\/v2\/users\/2"}],"replies":[{"embeddable":true,"href":"https:\/\/tvc16.com\/portal\/wp-json\/wp\/v2\/comments?post=3689"}],"version-history":[{"count":1,"href":"https:\/\/tvc16.com\/portal\/wp-json\/wp\/v2\/posts\/3689\/revisions"}],"predecessor-version":[{"id":3691,"href":"https:\/\/tvc16.com\/portal\/wp-json\/wp\/v2\/posts\/3689\/revisions\/3691"}],"wp:featuredmedia":[{"embeddable":true,"href":"https:\/\/tvc16.com\/portal\/wp-json\/wp\/v2\/media\/3690"}],"wp:attachment":[{"href":"https:\/\/tvc16.com\/portal\/wp-json\/wp\/v2\/media?parent=3689"}],"wp:term":[{"taxonomy":"category","embeddable":true,"href":"https:\/\/tvc16.com\/portal\/wp-json\/wp\/v2\/categories?post=3689"},{"taxonomy":"post_tag","embeddable":true,"href":"https:\/\/tvc16.com\/portal\/wp-json\/wp\/v2\/tags?post=3689"}],"curies":[{"name":"wp","href":"https:\/\/api.w.org\/{rel}","templated":true}]}}