{"id":3692,"date":"2020-10-23T17:45:11","date_gmt":"2020-10-23T17:45:11","guid":{"rendered":"https:\/\/tvc16.com\/portal\/?p=3692"},"modified":"2020-10-23T17:45:11","modified_gmt":"2020-10-23T17:45:11","slug":"apreensoes-de-drogas-sao-realizadas-na-cidade","status":"publish","type":"post","link":"https:\/\/tvc16.com\/portal\/2020\/10\/23\/apreensoes-de-drogas-sao-realizadas-na-cidade\/","title":{"rendered":"Apreens\u00f5es de drogas s\u00e3o realizadas na cidade"},"content":{"rendered":"\n<p>Nesta sexta-feira (23) a Pol\u00edcia Militar apreendeu sete c\u00e1psulas de coca\u00edna e cinco tabletes de maconha na Rua Miguel Odorico F. Gomes, no Duarte da Silveira. A carga foi deixada para tr\u00e1s, pr\u00f3ximo ao posto de sa\u00fade, por suspeitos que fugiram assim que perceberam a presen\u00e7a dos agentes.<\/p>\n\n\n\n<figure class=\"wp-block-image size-large\"><img loading=\"lazy\" decoding=\"async\" width=\"1024\" height=\"768\" src=\"https:\/\/tvc16.com\/portal\/wp-content\/uploads\/2020\/10\/WhatsApp-Image-2020-10-23-at-14.34.56-1024x768.jpeg\" alt=\"\" class=\"wp-image-3694\" srcset=\"https:\/\/tvc16.com\/portal\/wp-content\/uploads\/2020\/10\/WhatsApp-Image-2020-10-23-at-14.34.56-1024x768.jpeg 1024w, https:\/\/tvc16.com\/portal\/wp-content\/uploads\/2020\/10\/WhatsApp-Image-2020-10-23-at-14.34.56-300x225.jpeg 300w, https:\/\/tvc16.com\/portal\/wp-content\/uploads\/2020\/10\/WhatsApp-Image-2020-10-23-at-14.34.56-768x576.jpeg 768w, https:\/\/tvc16.com\/portal\/wp-content\/uploads\/2020\/10\/WhatsApp-Image-2020-10-23-at-14.34.56-200x150.jpeg 200w, https:\/\/tvc16.com\/portal\/wp-content\/uploads\/2020\/10\/WhatsApp-Image-2020-10-23-at-14.34.56.jpeg 1152w\" sizes=\"auto, (max-width: 1024px) 100vw, 1024px\" \/><\/figure>\n\n\n\n<p>Na noite quinta-feira (22) outras a\u00e7\u00f5es foram realizadas pela PM. Uma delas na Rua Valdemar Vieira Afonso, no Vale do Carangola. Cinco homens fugiram quando viram os policiais e deixaram para tr\u00e1s 100 pinos de coca\u00edna. No mesmo dia, no ponto final do Sim\u00e9ria, nove tiras de maconha foram apreendidas pelos agentes, tamb\u00e9m ap\u00f3s criminosos deixarem os entorpecentes para tr\u00e1s na fuga.<\/p>\n\n\n\n<figure class=\"wp-block-image size-large\"><img loading=\"lazy\" decoding=\"async\" width=\"768\" height=\"1024\" src=\"https:\/\/tvc16.com\/portal\/wp-content\/uploads\/2020\/10\/WhatsApp-Image-2020-10-23-at-14.34.56-1-768x1024.jpeg\" alt=\"\" class=\"wp-image-3695\" srcset=\"https:\/\/tvc16.com\/portal\/wp-content\/uploads\/2020\/10\/WhatsApp-Image-2020-10-23-at-14.34.56-1-768x1024.jpeg 768w, https:\/\/tvc16.com\/portal\/wp-content\/uploads\/2020\/10\/WhatsApp-Image-2020-10-23-at-14.34.56-1-225x300.jpeg 225w, https:\/\/tvc16.com\/portal\/wp-content\/uploads\/2020\/10\/WhatsApp-Image-2020-10-23-at-14.34.56-1.jpeg 960w\" sizes=\"auto, (max-width: 768px) 100vw, 768px\" \/><\/figure>\n\n\n\n<p>J\u00e1 na Rua Visconde do Bom Retiro, no Centro, um homem de 24 anos, foi preso em flagrante por ter um mandado de pris\u00e3o em aberto contra ele por tr\u00e1fico de drogas. Os policiais ainda encontraram cinco c\u00e1psulas de coca\u00edna com o acusado. Em sede policial ele foi autuado por posse e uso de entorpecentes e permaneceu preso devido ao mandado.<\/p>\n\n\n\n<p>Toda droga apreendias nas ocorr\u00eancias foram levadas para a 105\u00aa Delegacia de Pol\u00edcia, no Retiro, onde ficaram apreendidas.<\/p>\n","protected":false},"excerpt":{"rendered":"<p>Nesta sexta-feira (23) a Pol\u00edcia Militar apreendeu sete c\u00e1psulas de coca\u00edna e cinco tabletes de<\/p>\n","protected":false},"author":2,"featured_media":3693,"comment_status":"open","ping_status":"open","sticky":false,"template":"","format":"standard","meta":{"footnotes":""},"categories":[12],"tags":[],"class_list":["post-3692","post","type-post","status-publish","format-standard","has-post-thumbnail","hentry","category-cidade"],"_links":{"self":[{"href":"https:\/\/tvc16.com\/portal\/wp-json\/wp\/v2\/posts\/3692","targetHints":{"allow":["GET"]}}],"collection":[{"href":"https:\/\/tvc16.com\/portal\/wp-json\/wp\/v2\/posts"}],"about":[{"href":"https:\/\/tvc16.com\/portal\/wp-json\/wp\/v2\/types\/post"}],"author":[{"embeddable":true,"href":"https:\/\/tvc16.com\/portal\/wp-json\/wp\/v2\/users\/2"}],"replies":[{"embeddable":true,"href":"https:\/\/tvc16.com\/portal\/wp-json\/wp\/v2\/comments?post=3692"}],"version-history":[{"count":1,"href":"https:\/\/tvc16.com\/portal\/wp-json\/wp\/v2\/posts\/3692\/revisions"}],"predecessor-version":[{"id":3696,"href":"https:\/\/tvc16.com\/portal\/wp-json\/wp\/v2\/posts\/3692\/revisions\/3696"}],"wp:featuredmedia":[{"embeddable":true,"href":"https:\/\/tvc16.com\/portal\/wp-json\/wp\/v2\/media\/3693"}],"wp:attachment":[{"href":"https:\/\/tvc16.com\/portal\/wp-json\/wp\/v2\/media?parent=3692"}],"wp:term":[{"taxonomy":"category","embeddable":true,"href":"https:\/\/tvc16.com\/portal\/wp-json\/wp\/v2\/categories?post=3692"},{"taxonomy":"post_tag","embeddable":true,"href":"https:\/\/tvc16.com\/portal\/wp-json\/wp\/v2\/tags?post=3692"}],"curies":[{"name":"wp","href":"https:\/\/api.w.org\/{rel}","templated":true}]}}