{"id":3697,"date":"2020-10-23T19:47:01","date_gmt":"2020-10-23T19:47:01","guid":{"rendered":"https:\/\/tvc16.com\/portal\/?p=3697"},"modified":"2020-10-23T19:47:01","modified_gmt":"2020-10-23T19:47:01","slug":"dia-d-do-outubro-rosa-sera-neste-sabado","status":"publish","type":"post","link":"https:\/\/tvc16.com\/portal\/2020\/10\/23\/dia-d-do-outubro-rosa-sera-neste-sabado\/","title":{"rendered":"Dia D do Outubro Rosa ser\u00e1 neste s\u00e1bado"},"content":{"rendered":"\n<p>Amanh\u00e3, dia 24 de outubro, ser\u00e1 realizado o DIA D da Campanha Outubro Rosa. Seguindo o cronograma j\u00e1 divulgado pela prefeitura, o Centro de Sa\u00fade vai realizar a\u00e7\u00f5es espec\u00edficas para as mulheres com in\u00edcio \u00e0s 8h. O mutir\u00e3o vai oferecer 100 exames de coleta de preventivo, busca ativa de faltosos de patologia cervical \u00e0s pacientes de les\u00f5es pr\u00e9-oncol\u00f3gicas, consultas de ginecologia, nutri\u00e7\u00e3o, odontologia e psicologia, al\u00e9m de testes r\u00e1pidos de S\u00edfilis, HIV e Hepatites, e orienta\u00e7\u00f5es de atividades f\u00edsicas realizadas por educadores. <\/p>\n\n\n\n<p>Todas as consultas foram agendadas e ter\u00e3o intervalo m\u00ednimo de 30 minutos para que sejam evitadas as aglomera\u00e7\u00f5es e realizadas limpeza e higieniza\u00e7\u00e3o dos consult\u00f3rios. No Hospital Alcides Carneiro, tamb\u00e9m no s\u00e1bado (24\/10), mais 180 pacientes ter\u00e3o seus atendimentos garantidos no ambulat\u00f3rio da unidade com consultas e exames de mamografia e ultrassonografia transvaginal. <\/p>\n\n\n\n<p>Na pr\u00f3xima ter\u00e7a-feira (27\/10), outras 35 pacientes ser\u00e3o atendidas na realiza\u00e7\u00e3o de exames de ultrassonografia transvaginal, mamografia e resson\u00e2ncia de mama, entre 17h e 22h, no Hospital Alcides Carneiro. Dia 31, e \u00faltimo dia da campanha, est\u00e3o agendados mais 24 exames de mamografia.\u00a0<\/p>\n\n\n\n<p><br>Pacientes devem manter seus cadastros atualizados<\/p>\n\n\n\n<p>Com a retomada das atividades eletivas na sa\u00fade do munic\u00edpio, a prefeitura vem fazendo uma programa\u00e7\u00e3o de mutir\u00f5es para agilizar todos os atendimentos de consultas, exames e cirurgias em Petr\u00f3polis. Diante da necessidade de reagendamento, a Secretaria de Sa\u00fade informa que vem encontrando grande dificuldade de contato com pacientes que aguardam pela realiza\u00e7\u00e3o de exames. <\/p>\n\n\n\n<p>Segundo a secret\u00e1ria de sa\u00fade, Fab\u00edola Heck, muitos t\u00eam deixado de manter seus cadastros atualizados nas unidades de sa\u00fade do munic\u00edpio. \u201cNossas equipes v\u00eam entrando em contato para fazer o reagendamento dos procedimentos, mas muitas pessoas n\u00e3o est\u00e3o sendo localizadas porque deixaram seus cadastros desatualizados. Elas trocam de telefone e n\u00e3o avisam nada nos postos. Na \u00faltima semana, de cem pacientes contatados apenas 25 foram localizados. Isso acaba travando o andamento do trabalho e prejudicando os pr\u00f3prios pacientes\u201d, explicou a secret\u00e1ria. <\/p>\n\n\n\n<p>A Secretaria de Sa\u00fade informa, ainda, para que pacientes que n\u00e3o receberem a liga\u00e7\u00e3o das unidades at\u00e9 o pr\u00f3ximo m\u00eas de novembro, retornem aos locais onde foram atendidos para que possam atualizar seus cadastros e refazer seus pedidos de exames.<\/p>\n\n\n\n<p>A demanda de pacientes para os atendimentos eletivos se formou nos \u00faltimos seis meses, entre mar\u00e7o e setembro deste ano, quando todos os procedimentos tiveram sua realiza\u00e7\u00e3o suspensa devido \u00e0s medidas de seguran\u00e7a para o enfrentamento da COVID-19 na cidade. At\u00e9 o momento, mais de 200 pessoas j\u00e1 tiveram seus atendimentos garantidos no Hospital Alcides Carneiro e no Centro de Sa\u00fade. Em apenas uma semana foram realizados 61 exames de baixa e alta complexidade, 180 consultas de diversas especialidades e 20 cirurgias.<\/p>\n\n\n\n<p>As consultas vem sendo realizadas em todas as Unidades de Sa\u00fade, tais como Postos de Sa\u00fade da Fam\u00edlia, Unidades B\u00e1sicas de Sa\u00fade, Centro de Sa\u00fade e Ambulat\u00f3rio Escola do Hospital Alcides Carneiro. Vale dizer que as obras de adapta\u00e7\u00e3o do novo mam\u00f3grafo digital do Centro de Sa\u00fade tiveram in\u00edcio no \u00faltimo dia 13 de outubro e tem previs\u00e3o de entrega para o m\u00eas de novembro.<\/p>\n\n\n\n<p>Acompanhe, abaixo, os locais de atendimento \u00e0 popula\u00e7\u00e3o feminina no dia 24 de outubro, entre 08h e 17h:<\/p>\n\n\n\n<p>&#8211; Vila Rica<br>&#8211; Jardim Salvador<br>&#8211; Retiro<br>&#8211; Castelo<br>&#8211; Vila Felipe<br>&#8211; Secret\u00e1rio<br>&#8211; Castelo S\u00e3o Manoel<br>&#8211; Menino Jesus<br>&#8211; Moinho Preto<br>&#8211; S\u00e3o Jo\u00e3o Batista<br>&#8211; Sant\u00edssima Trindade<br>&#8211; Alto Sim\u00e9ria<br>&#8211; Secret\u00e1rio<br>&#8211; Fazenda Inglesa<br>&#8211; \u00c1guas Lindas<br>&#8211; Estrada II<br>&#8211; Machado Fagundes<br>&#8211; UBS Morin \/ Retiro \/ Itamarati \/ Mosela \/ Quitandinha \/ Pedro do Rio \/ Araras<br>&#8211; Posse I, II e III<br>&#8211; Alto da Serra I, II, III e IV<br>&#8211; Carangola II<br>&#8211; Vale do Carangola<br>&#8211; Vila Sa\u00fade<br>&#8211; Amazonas<br>&#8211; Thouzet<br>&#8211; Caxambu<br>&#8211; Santa Isabel<br>&nbsp;&#8211; Pedras Brancas<br>&#8211; Castrioto<br>&#8211; Bataillard<br>&#8211; Mosela<br>&#8211; Campo do Lusitano<br>&#8211; Lajinha<br>&#8211; Vale das Videiras<br>&#8211; 24 de Maio<\/p>\n","protected":false},"excerpt":{"rendered":"<p>Amanh\u00e3, dia 24 de outubro, ser\u00e1 realizado o DIA D da Campanha Outubro Rosa. Seguindo<\/p>\n","protected":false},"author":2,"featured_media":3698,"comment_status":"open","ping_status":"open","sticky":false,"template":"","format":"standard","meta":{"footnotes":""},"categories":[12],"tags":[],"class_list":["post-3697","post","type-post","status-publish","format-standard","has-post-thumbnail","hentry","category-cidade"],"_links":{"self":[{"href":"https:\/\/tvc16.com\/portal\/wp-json\/wp\/v2\/posts\/3697","targetHints":{"allow":["GET"]}}],"collection":[{"href":"https:\/\/tvc16.com\/portal\/wp-json\/wp\/v2\/posts"}],"about":[{"href":"https:\/\/tvc16.com\/portal\/wp-json\/wp\/v2\/types\/post"}],"author":[{"embeddable":true,"href":"https:\/\/tvc16.com\/portal\/wp-json\/wp\/v2\/users\/2"}],"replies":[{"embeddable":true,"href":"https:\/\/tvc16.com\/portal\/wp-json\/wp\/v2\/comments?post=3697"}],"version-history":[{"count":1,"href":"https:\/\/tvc16.com\/portal\/wp-json\/wp\/v2\/posts\/3697\/revisions"}],"predecessor-version":[{"id":3699,"href":"https:\/\/tvc16.com\/portal\/wp-json\/wp\/v2\/posts\/3697\/revisions\/3699"}],"wp:featuredmedia":[{"embeddable":true,"href":"https:\/\/tvc16.com\/portal\/wp-json\/wp\/v2\/media\/3698"}],"wp:attachment":[{"href":"https:\/\/tvc16.com\/portal\/wp-json\/wp\/v2\/media?parent=3697"}],"wp:term":[{"taxonomy":"category","embeddable":true,"href":"https:\/\/tvc16.com\/portal\/wp-json\/wp\/v2\/categories?post=3697"},{"taxonomy":"post_tag","embeddable":true,"href":"https:\/\/tvc16.com\/portal\/wp-json\/wp\/v2\/tags?post=3697"}],"curies":[{"name":"wp","href":"https:\/\/api.w.org\/{rel}","templated":true}]}}