{"id":3700,"date":"2020-10-23T22:37:02","date_gmt":"2020-10-23T22:37:02","guid":{"rendered":"https:\/\/tvc16.com\/portal\/?p=3700"},"modified":"2020-10-23T22:37:02","modified_gmt":"2020-10-23T22:37:02","slug":"petropolis-registra-novas-cinco-mortes-por-covid-19","status":"publish","type":"post","link":"https:\/\/tvc16.com\/portal\/2020\/10\/23\/petropolis-registra-novas-cinco-mortes-por-covid-19\/","title":{"rendered":"Petr\u00f3polis registra novas cinco mortes por covid-19"},"content":{"rendered":"\n<p>Mais cinco pessoas morreram por complica\u00e7\u00f5es do novo coronav\u00edrus em Petr\u00f3polis. As v\u00edtimas s\u00e3o duas mulheres e dois homens, com idades entre 38 e 91 anos, que estavam internados em unidades hospitalares da cidade. Com isso, o n\u00famero de \u00f3bitos subiu para 263. Os dados s\u00e3o da Secretaria Municipal de Sa\u00fade e foram divulgados nesta sexta-feira (23).\u00a0<\/p>\n\n\n\n<p>As v\u00edtimas s\u00e3o: <\/p>\n\n\n\n<p>Mulher, de 67 anos, moradora do Ch\u00e1cara Flora. Ela foi internada no dia 03\/10 e faleceu dia 05\/10 no Hospital Alcides Carneiro (HAC). Paciente com diabetes.<\/p>\n\n\n\n<p>Homem, de 63 anos, morador do Bingen. Ele foi internado no dia 09\/09 e faleceu dia 16\/10 no Hospital Nossa Senhora Aparecida (HNSA). <\/p>\n\n\n\n<p>Mulher, de 47 anos, moradora do Ch\u00e1cara Flora. Ela foi internada no dia 08\/10 e faleceu dia 22\/10 no Hospital Municipal Nelson de S\u00e1 Earp (HMNSE). Paciente com diabetes e obesidade.<\/p>\n\n\n\n<p>Homem, de 91 anos, morador do Samambaia. Ele foi internado no dia 19\/09 e faleceu dia 02\/10 no Hospital Nossa Senhora Aparecida (HNSA). Paciente com hipertens\u00e3o arterial.<\/p>\n\n\n\n<p>Homem, de 38 anos, morador do Morin. Ele foi internado no dia 25\/09 e faleceu dia 11\/10 no Hospital Nossa Senhora Aparecida (HNSA).<\/p>\n\n\n\n<p>Segundo o boletim epidemiol\u00f3gico, at\u00e9 o momento foram realizados 68.562 testes na cidade. Desses,\u00a0 60.563 resultaram negativos, 7.751 positivos e 248 est\u00e3o em an\u00e1lise, entre PCR e testes r\u00e1pidos. H\u00e1 44 pacientes internados na cidade, podendo ser casos positivos ou em investiga\u00e7\u00e3o esperando o resultado do teste.\u00a0<\/p>\n\n\n\n<p><br>Petr\u00f3polis contabiliza 5.930 pessoas recuperadas do coronav\u00edrus. Esse n\u00famero se refere \u00e0s pessoas que estiveram internadas nas unidades hospitalares da cidade ou que se mantiveram em isolamento domiciliar e que, hoje, n\u00e3o apresentam mais os principais sintomas da doen\u00e7a.<\/p>\n\n\n\n<p><br>Nesta sexta-feira, o munic\u00edpio contabiliza pelo SUS 14,81% dos leitos cl\u00ednicos e 25,84% de UTI ocupados com pacientes infectados com coronav\u00edrus.<\/p>\n\n\n\n<p><\/p>\n","protected":false},"excerpt":{"rendered":"<p>Mais cinco pessoas morreram por complica\u00e7\u00f5es do novo coronav\u00edrus em Petr\u00f3polis. As v\u00edtimas s\u00e3o duas<\/p>\n","protected":false},"author":2,"featured_media":3701,"comment_status":"open","ping_status":"open","sticky":false,"template":"","format":"standard","meta":{"footnotes":""},"categories":[12],"tags":[],"class_list":["post-3700","post","type-post","status-publish","format-standard","has-post-thumbnail","hentry","category-cidade"],"_links":{"self":[{"href":"https:\/\/tvc16.com\/portal\/wp-json\/wp\/v2\/posts\/3700","targetHints":{"allow":["GET"]}}],"collection":[{"href":"https:\/\/tvc16.com\/portal\/wp-json\/wp\/v2\/posts"}],"about":[{"href":"https:\/\/tvc16.com\/portal\/wp-json\/wp\/v2\/types\/post"}],"author":[{"embeddable":true,"href":"https:\/\/tvc16.com\/portal\/wp-json\/wp\/v2\/users\/2"}],"replies":[{"embeddable":true,"href":"https:\/\/tvc16.com\/portal\/wp-json\/wp\/v2\/comments?post=3700"}],"version-history":[{"count":1,"href":"https:\/\/tvc16.com\/portal\/wp-json\/wp\/v2\/posts\/3700\/revisions"}],"predecessor-version":[{"id":3702,"href":"https:\/\/tvc16.com\/portal\/wp-json\/wp\/v2\/posts\/3700\/revisions\/3702"}],"wp:featuredmedia":[{"embeddable":true,"href":"https:\/\/tvc16.com\/portal\/wp-json\/wp\/v2\/media\/3701"}],"wp:attachment":[{"href":"https:\/\/tvc16.com\/portal\/wp-json\/wp\/v2\/media?parent=3700"}],"wp:term":[{"taxonomy":"category","embeddable":true,"href":"https:\/\/tvc16.com\/portal\/wp-json\/wp\/v2\/categories?post=3700"},{"taxonomy":"post_tag","embeddable":true,"href":"https:\/\/tvc16.com\/portal\/wp-json\/wp\/v2\/tags?post=3700"}],"curies":[{"name":"wp","href":"https:\/\/api.w.org\/{rel}","templated":true}]}}