{"id":3706,"date":"2020-10-23T23:36:03","date_gmt":"2020-10-23T23:36:03","guid":{"rendered":"https:\/\/tvc16.com\/portal\/?p=3706"},"modified":"2020-10-23T23:36:03","modified_gmt":"2020-10-23T23:36:03","slug":"rodrigo-maia-afirma-que-pec-da-guerra-nao-sera-prorrogada","status":"publish","type":"post","link":"https:\/\/tvc16.com\/portal\/2020\/10\/23\/rodrigo-maia-afirma-que-pec-da-guerra-nao-sera-prorrogada\/","title":{"rendered":"Rodrigo Maia afirma que PEC da Guerra n\u00e3o ser\u00e1 prorrogada"},"content":{"rendered":"\n<h3 class=\"wp-block-heading\">Texto autoriza a Uni\u00e3o a descumprir a regra de ouro na pandemia<\/h3>\n\n\n\n<h4 class=\"wp-block-heading\">Por Elaine Patricia Cruz \u2013 Rep\u00f3rter da Ag\u00eancia Brasil &#8211; S\u00e3o Paulo<\/h4>\n\n\n\n<p>O presidente da C\u00e2mara dos Deputados, deputado federal Rodrigo Maia, disse hoje (23), em entrevista coletiva ao lado do governador de S\u00e3o Paulo Jo\u00e3o Doria, que a Proposta de Emenda Constitucional do estado de calamidade p\u00fablica, a chamada PEC da Guerra, n\u00e3o ser\u00e1 prorrogada.<img decoding=\"async\" src=\"https:\/\/agenciabrasil.ebc.com.br\/ebc.png?id=1391414&amp;o=node\"><img decoding=\"async\" src=\"https:\/\/agenciabrasil.ebc.com.br\/ebc.gif?id=1391414&amp;o=node\"><\/p>\n\n\n\n<p>\u201cO grande m\u00e9rito desse momento, e que sinalizamos para investidores, foi o prazo de encerramento da PEC da Guerra no dia 31 de dezembro. N\u00e3o h\u00e1 possibilidade da C\u00e2mara dos Deputados votar a prorroga\u00e7\u00e3o do estado de calamidade porque o que tinha que ser investido, do nosso ponto de vista, foi investido. Os volumes foram alt\u00edssimos. Nossa d\u00edvida j\u00e1 est\u00e1 em volume muito alto e precisamos voltar a normalidade do nosso or\u00e7amento prim\u00e1rio e dos desafios que precisamos enfrentar. Quanto mais tempo atrasarmos, mais para frente ficar\u00e3o as reformas estruturais \u2013 e essas sim v\u00e3o garantir o crescimento para o Brasil\u201d, disse ele.<\/p>\n\n\n\n<p>A PEC da Guerra foi criada para enfrentar a pandemia do novo coronav\u00edrus. A medida d\u00e1 ao governo mais flexibilidade para gastar recursos no combate \u00e0 pandemia do novo coronav\u00edrus ao permitir a separa\u00e7\u00e3o destes gastos do Or\u00e7amento Geral da Uni\u00e3o (OGU).<\/p>\n\n\n\n<p>O texto autoriza a Uni\u00e3o a descumprir a chamada \u201cregra de ouro\u201d, mecanismo constitucional que impede o governo de se endividar para pagar despesas correntes, como sal\u00e1rios e custeio. A medida vale enquanto durar o estado de calamidade p\u00fablica nacional reconhecido pelo Congresso Nacional, previsto para terminar no dia 31 de dezembro de 2020.<\/p>\n\n\n\n<p>Edi\u00e7\u00e3o: Aline Leal<\/p>\n","protected":false},"excerpt":{"rendered":"<p>Texto autoriza a Uni\u00e3o a descumprir a regra de ouro na pandemia Por Elaine Patricia<\/p>\n","protected":false},"author":2,"featured_media":3707,"comment_status":"open","ping_status":"open","sticky":false,"template":"","format":"standard","meta":{"footnotes":""},"categories":[15],"tags":[],"class_list":["post-3706","post","type-post","status-publish","format-standard","has-post-thumbnail","hentry","category-politica"],"_links":{"self":[{"href":"https:\/\/tvc16.com\/portal\/wp-json\/wp\/v2\/posts\/3706","targetHints":{"allow":["GET"]}}],"collection":[{"href":"https:\/\/tvc16.com\/portal\/wp-json\/wp\/v2\/posts"}],"about":[{"href":"https:\/\/tvc16.com\/portal\/wp-json\/wp\/v2\/types\/post"}],"author":[{"embeddable":true,"href":"https:\/\/tvc16.com\/portal\/wp-json\/wp\/v2\/users\/2"}],"replies":[{"embeddable":true,"href":"https:\/\/tvc16.com\/portal\/wp-json\/wp\/v2\/comments?post=3706"}],"version-history":[{"count":1,"href":"https:\/\/tvc16.com\/portal\/wp-json\/wp\/v2\/posts\/3706\/revisions"}],"predecessor-version":[{"id":3708,"href":"https:\/\/tvc16.com\/portal\/wp-json\/wp\/v2\/posts\/3706\/revisions\/3708"}],"wp:featuredmedia":[{"embeddable":true,"href":"https:\/\/tvc16.com\/portal\/wp-json\/wp\/v2\/media\/3707"}],"wp:attachment":[{"href":"https:\/\/tvc16.com\/portal\/wp-json\/wp\/v2\/media?parent=3706"}],"wp:term":[{"taxonomy":"category","embeddable":true,"href":"https:\/\/tvc16.com\/portal\/wp-json\/wp\/v2\/categories?post=3706"},{"taxonomy":"post_tag","embeddable":true,"href":"https:\/\/tvc16.com\/portal\/wp-json\/wp\/v2\/tags?post=3706"}],"curies":[{"name":"wp","href":"https:\/\/api.w.org\/{rel}","templated":true}]}}