{"id":3709,"date":"2020-10-23T23:40:37","date_gmt":"2020-10-23T23:40:37","guid":{"rendered":"https:\/\/tvc16.com\/portal\/?p=3709"},"modified":"2020-10-23T23:40:37","modified_gmt":"2020-10-23T23:40:37","slug":"pandemia-causa-atrasos-nas-obras-de-recuperacao-de-mariana","status":"publish","type":"post","link":"https:\/\/tvc16.com\/portal\/2020\/10\/23\/pandemia-causa-atrasos-nas-obras-de-recuperacao-de-mariana\/","title":{"rendered":"Pandemia causa atrasos nas obras de recupera\u00e7\u00e3o de Mariana"},"content":{"rendered":"\n<h3 class=\"wp-block-heading\">Atualmente, obras contam com um ter\u00e7o da for\u00e7a de trabalho prevista<\/h3>\n\n\n\n<h4 class=\"wp-block-heading\">Por Cristina Indio do Brasil &#8211; Rep\u00f3rter da Ag\u00eancia Brasil &#8211; Rio de Janeiro<\/h4>\n\n\n\n<p>A pandemia da covid-19 obrigou a Funda\u00e7\u00e3o Renova, respons\u00e1vel pelo processo de repara\u00e7\u00e3o dos danos causados pelo rompimento da barragem de Fund\u00e3o, em Mariana, Minas Gerais, a reestruturar o processo de reassentamento das pessoas atingidas.&nbsp;<img decoding=\"async\" src=\"https:\/\/agenciabrasil.ebc.com.br\/ebc.png?id=1391444&amp;o=node\"><img decoding=\"async\" src=\"https:\/\/agenciabrasil.ebc.com.br\/ebc.gif?id=1391444&amp;o=node\"><\/p>\n\n\n\n<p>O diretor-presidente Andr\u00e9 de Freitas disse que em janeiro a expectativa era chegar ao fim de 2020 com 85% do projeto conclu\u00eddos, mas em mar\u00e7o tudo mudou e foi necess\u00e1rio parar as obras, para evitar a dissemina\u00e7\u00e3o do v\u00edrus na comunidade e entre os trabalhadores.<\/p>\n\n\n\n<figure class=\"wp-block-image size-large\"><img loading=\"lazy\" decoding=\"async\" width=\"754\" height=\"503\" src=\"https:\/\/tvc16.com\/portal\/wp-content\/uploads\/2020\/10\/mariana-02.jpg\" alt=\"\" class=\"wp-image-3711\" srcset=\"https:\/\/tvc16.com\/portal\/wp-content\/uploads\/2020\/10\/mariana-02.jpg 754w, https:\/\/tvc16.com\/portal\/wp-content\/uploads\/2020\/10\/mariana-02-300x200.jpg 300w\" sizes=\"auto, (max-width: 754px) 100vw, 754px\" \/><figcaption>Mariana_MG, 01 de setembro de 2020\n\nFundacao RENOVA\n\nNa imagem, as obras do reassentamento do novo Bento Rodrigues\n\nImagem: NITRO Historias Visuais<\/figcaption><\/figure>\n\n\n\n<p>\u201cA gente tirou todo mundo dos canteiros, porque a \u00fanica coisa que a gente n\u00e3o queria ser era um vetor de transmiss\u00e3o de covid, tanto para as comunidades em que a gente trabalha, como para os nossos colaboradores\u201d, disse Freitas, em coletiva virtual nesta sexta-feira (23) para apresentar os resultados parciais do programa de recupera\u00e7\u00e3o dos danos causados pelo rompimento em Mariana, que no dia 5 de novembro faz 5&nbsp;anos.<\/p>\n\n\n\n<p>Freitas lembrou que, em Minas Gerais, o rompimento causou impacto nos distritos de Bento Rodrigues e Paracatu de Baixo, em&nbsp;<a href=\"https:\/\/agenciabrasil.ebc.com.br\/tags\/mariana\" target=\"_blank\" rel=\"noreferrer noopener\">Mariana<\/a>; e Gesteira, em Barra Longa. Depois de algumas etapas do retorno de opera\u00e7\u00f5es nos canteiros, hoje, a Renova est\u00e1 com um ter\u00e7o da for\u00e7a de trabalho antes prevista antes da pandemia para este per\u00edodo. Os reassentamentos de Bento Rodrigues e de Paracatu, atualmente deveriam estar com 5 mil trabalhadores.<\/p>\n\n\n\n<p>\u201cTeve um impacto bastante significativo na nossa capacidade de opera\u00e7\u00e3o nos reassentamentos. A gente mudou a estrat\u00e9gia. Como consegue ter menos gente na obra por quest\u00e3o de restri\u00e7\u00e3o do espa\u00e7o e para operar sempre dentro das condi\u00e7\u00f5es com seguran\u00e7a, focamos os esfor\u00e7os na infraestrutura. A gente espera chegar no fim do ano com 95% das obras de infraestrutura constru\u00eddas\u201d, afirmou, destacando que est\u00e3o inclu\u00eddas a\u00ed ruas asfaltadas, \u00e1gua pot\u00e1vel, pr\u00e9dios p\u00fablicos como escolas, postos de sa\u00fade, postos de servi\u00e7os e esta\u00e7\u00e3o de esgoto.<\/p>\n\n\n\n<p>Segundo o diretor-presidente, h\u00e1 37 casas em processo de constru\u00e7\u00e3o, duas conclu\u00eddas e at\u00e9 o fim do ano, tr\u00eas ou quatro devem estar prontas. \u201cCom esse investimento focado em infraestrutura a gente consegue avan\u00e7ar com maior velocidade em 2021 na constru\u00e7\u00e3o das casas que ainda permanecem. Isso foi algo que exigiu ajuste na nossa estrat\u00e9gica\u201d, apontou.<\/p>\n","protected":false},"excerpt":{"rendered":"<p>Atualmente, obras contam com um ter\u00e7o da for\u00e7a de trabalho prevista Por Cristina Indio do<\/p>\n","protected":false},"author":2,"featured_media":3710,"comment_status":"open","ping_status":"open","sticky":false,"template":"","format":"standard","meta":{"footnotes":""},"categories":[14],"tags":[],"class_list":["post-3709","post","type-post","status-publish","format-standard","has-post-thumbnail","hentry","category-pais"],"_links":{"self":[{"href":"https:\/\/tvc16.com\/portal\/wp-json\/wp\/v2\/posts\/3709","targetHints":{"allow":["GET"]}}],"collection":[{"href":"https:\/\/tvc16.com\/portal\/wp-json\/wp\/v2\/posts"}],"about":[{"href":"https:\/\/tvc16.com\/portal\/wp-json\/wp\/v2\/types\/post"}],"author":[{"embeddable":true,"href":"https:\/\/tvc16.com\/portal\/wp-json\/wp\/v2\/users\/2"}],"replies":[{"embeddable":true,"href":"https:\/\/tvc16.com\/portal\/wp-json\/wp\/v2\/comments?post=3709"}],"version-history":[{"count":1,"href":"https:\/\/tvc16.com\/portal\/wp-json\/wp\/v2\/posts\/3709\/revisions"}],"predecessor-version":[{"id":3712,"href":"https:\/\/tvc16.com\/portal\/wp-json\/wp\/v2\/posts\/3709\/revisions\/3712"}],"wp:featuredmedia":[{"embeddable":true,"href":"https:\/\/tvc16.com\/portal\/wp-json\/wp\/v2\/media\/3710"}],"wp:attachment":[{"href":"https:\/\/tvc16.com\/portal\/wp-json\/wp\/v2\/media?parent=3709"}],"wp:term":[{"taxonomy":"category","embeddable":true,"href":"https:\/\/tvc16.com\/portal\/wp-json\/wp\/v2\/categories?post=3709"},{"taxonomy":"post_tag","embeddable":true,"href":"https:\/\/tvc16.com\/portal\/wp-json\/wp\/v2\/tags?post=3709"}],"curies":[{"name":"wp","href":"https:\/\/api.w.org\/{rel}","templated":true}]}}