{"id":3713,"date":"2020-10-23T23:43:06","date_gmt":"2020-10-23T23:43:06","guid":{"rendered":"https:\/\/tvc16.com\/portal\/?p=3713"},"modified":"2020-10-23T23:43:06","modified_gmt":"2020-10-23T23:43:06","slug":"morre-atriz-e-cantora-jane-di-castro-no-rio-de-janeiro","status":"publish","type":"post","link":"https:\/\/tvc16.com\/portal\/2020\/10\/23\/morre-atriz-e-cantora-jane-di-castro-no-rio-de-janeiro\/","title":{"rendered":"Morre atriz e cantora Jane di Castro, no Rio de Janeiro"},"content":{"rendered":"\n<h3 class=\"wp-block-heading\">A artista teve complica\u00e7\u00f5es de um c\u00e2ncer<\/h3>\n\n\n\n<h4 class=\"wp-block-heading\">Por Vin\u00edcius Lisboa &#8211; Rep\u00f3rter da Ag\u00eancia Brasil &#8211; Rio e Janeiro<\/h4>\n\n\n\n<p>Considerada uma das pioneiras da representatividade transexual nos palcos do pa\u00eds, a atriz e cantora Jane di Castro morreu na noite de ontem (22), aos 73 anos, segundo a Dire\u00e7\u00e3o do Hospital Federal de Ipanema (HFI), em decorr\u00eancia de complica\u00e7\u00f5es de um c\u00e2ncer.<img decoding=\"async\" src=\"https:\/\/agenciabrasil.ebc.com.br\/ebc.png?id=1391436&amp;o=node\"><img decoding=\"async\" src=\"https:\/\/agenciabrasil.ebc.com.br\/ebc.gif?id=1391436&amp;o=node\"><\/p>\n\n\n\n<p>De acordo com o hospital federal, Jane Di Castro havia sido submetida a um procedimento cir\u00fargico no dia 8 de setembro e teve alta no dia 16 do mesmo m\u00eas. No dia 14 de outubro, por\u00e9m, ela voltou a ser internada, devido \u00e0 piora no seu estado de sa\u00fade. A dire\u00e7\u00e3o do hospital informa que, desde ent\u00e3o, ela estava sob tratamento medicamentoso, mas n\u00e3o foi poss\u00edvel reverter o avan\u00e7o da doen\u00e7a.<\/p>\n\n\n\n<h2 class=\"wp-block-heading\">Trajet\u00f3ria<\/h2>\n\n\n\n<p>Jane estreou nos palcos em 1966, quando participou do musical&nbsp;<em>Les girls em Op Art<\/em>, no Teatro Dulcina. Ao longo de sua carreira, a artista trabalhou com grandes nomes das artes c\u00eanicas e da m\u00fasica brasileira, como Bibi Ferreira e Ney Latorraca. Em&nbsp;<a href=\"https:\/\/tvbrasil.ebc.com.br\/atos\/2019\/01\/jane-di-castro-fala-sobre-sua-trajetoria-artistica\" target=\"_blank\" rel=\"noreferrer noopener\">entrevista<\/a>&nbsp;ao programa Atos, da&nbsp;<strong>TV Brasil<\/strong>, no ano passado, a atriz lembrou as dificuldades que enfrentou no in\u00edcio da carreira, quando chegou a ser presa por ser transexual.<\/p>\n\n\n\n<figure class=\"wp-block-embed-youtube wp-block-embed is-type-rich is-provider-incorporar-manipulador wp-embed-aspect-16-9 wp-has-aspect-ratio\"><div class=\"wp-block-embed__wrapper\">\n<iframe loading=\"lazy\" title=\"Jane Di Castro fala sobre sua trajet\u00f3ria art\u00edstica no Atos\" width=\"640\" height=\"360\" src=\"https:\/\/www.youtube.com\/embed\/2DdLLYbXO3I?feature=oembed\" frameborder=\"0\" allow=\"accelerometer; autoplay; clipboard-write; encrypted-media; gyroscope; picture-in-picture; web-share\" referrerpolicy=\"strict-origin-when-cross-origin\" allowfullscreen><\/iframe>\n<\/div><\/figure>\n\n\n\n<p>&#8220;Na \u00e9poca, era uma ferida aberta. Demorou muito a cicatrizar, mas n\u00e3o tem marca nenhuma. Ela cicatrizou totalmente. Hoje, eu sou feliz, porque a felicidade \u00e9 a realiza\u00e7\u00e3o. Eu me realizei. Eu viajei o mundo como artista. A arte me trouxe essa possibilidade de conhecer o mundo, o Brasil&#8221;, disse ela ao programa.<\/p>\n\n\n\n<p>Sua hist\u00f3ria \u00e9 contada tamb\u00e9m no document\u00e1rio Divinas Divas, que conta como ela, Rog\u00e9ria e outras artistas revolucionaram a moral da d\u00e9cada de 1970 e conquistaram espa\u00e7o apesar da repress\u00e3o. A atriz tamb\u00e9m atuou no cinema e na televis\u00e3o, onde esteve pela \u00faltima vez na novela &#8220;A For\u00e7a do Querer&#8221;, da Rede Globo.<\/p>\n\n\n\n<p>O ator Silvero Pereira, que atuou ao lado de Jane di Castro na novela, publicou uma homenagem em seu perfil no Twitter.<\/p>\n\n\n\n<p>Jane di Castro era vi\u00fava desde 2018 e viveu durante mais de 50 anos com Ot\u00e1vio Bonfim, com quem formalizou o casamento em uma cerim\u00f4nia coletiva voltada \u00e0 popula\u00e7\u00e3o LGBT em 2014. Considerada uma figura importante na luta pelo respeito \u00e0 diversidade, a atriz transexual tinha papel de destaque na Parada LGBTI de Copacabana, sendo respons\u00e1vel por cantar o Hino Nacional todos os anos a convite do Grupo Arco-\u00cdris (GAI), organizador da manifesta\u00e7\u00e3o. O coordenador do grupo, Cl\u00e1udio Nascimento, lamentou que &#8220;morreu a grande diva da Cidadania e Cultura LGBT&#8221;.&nbsp;<\/p>\n\n\n\n<p>&#8220;Eu e Jane Di Castro t\u00ednhamos uma forte amizade, desde o fim dos anos 80. Sempre esteve comprometida com a nossas lutas por direitos. \u00c9 a grande diva da Parada do Orgulho LGBT&nbsp;do Rio de Janeiro e integrante do Conselho Consultivo do Grupo Arco-\u00cdris de Cidadania LGBTI&#8221;, afirmou. &#8220;Jane deixa um enorme legado art\u00edstico que nossa comunidade precisar\u00e1 valorizar e divulgar&#8221;.<\/p>\n\n\n\n<p>O GAI decretou luto de tr\u00eas dias e pretende realizar uma homenagem virtual \u00e0 atriz na pr\u00f3xima ter\u00e7a-feira (28), \u00e0s 19h, e tamb\u00e9m uma cerim\u00f4nia interreligiosa comunit\u00e1ria de s\u00e9timo dia para que os amigos, f\u00e3s e admiradores possam celebrar sua mem\u00f3ria.<\/p>\n\n\n\n<p>Familiares informaram que o sepultamento de Jane di Castro ser\u00e1&nbsp;neste s\u00e1bado, no&nbsp;Cemit\u00e9rio Jardim da Saudade &#8211; Sulacap, Capela 1, \u00e0s 14h.<\/p>\n\n\n\n<p>Edi\u00e7\u00e3o: Aline Leal<\/p>\n","protected":false},"excerpt":{"rendered":"<p>A artista teve complica\u00e7\u00f5es de um c\u00e2ncer Por Vin\u00edcius Lisboa &#8211; Rep\u00f3rter da Ag\u00eancia Brasil<\/p>\n","protected":false},"author":2,"featured_media":3715,"comment_status":"open","ping_status":"open","sticky":false,"template":"","format":"standard","meta":{"footnotes":""},"categories":[21],"tags":[],"class_list":["post-3713","post","type-post","status-publish","format-standard","has-post-thumbnail","hentry","category-cultura"],"_links":{"self":[{"href":"https:\/\/tvc16.com\/portal\/wp-json\/wp\/v2\/posts\/3713","targetHints":{"allow":["GET"]}}],"collection":[{"href":"https:\/\/tvc16.com\/portal\/wp-json\/wp\/v2\/posts"}],"about":[{"href":"https:\/\/tvc16.com\/portal\/wp-json\/wp\/v2\/types\/post"}],"author":[{"embeddable":true,"href":"https:\/\/tvc16.com\/portal\/wp-json\/wp\/v2\/users\/2"}],"replies":[{"embeddable":true,"href":"https:\/\/tvc16.com\/portal\/wp-json\/wp\/v2\/comments?post=3713"}],"version-history":[{"count":1,"href":"https:\/\/tvc16.com\/portal\/wp-json\/wp\/v2\/posts\/3713\/revisions"}],"predecessor-version":[{"id":3716,"href":"https:\/\/tvc16.com\/portal\/wp-json\/wp\/v2\/posts\/3713\/revisions\/3716"}],"wp:featuredmedia":[{"embeddable":true,"href":"https:\/\/tvc16.com\/portal\/wp-json\/wp\/v2\/media\/3715"}],"wp:attachment":[{"href":"https:\/\/tvc16.com\/portal\/wp-json\/wp\/v2\/media?parent=3713"}],"wp:term":[{"taxonomy":"category","embeddable":true,"href":"https:\/\/tvc16.com\/portal\/wp-json\/wp\/v2\/categories?post=3713"},{"taxonomy":"post_tag","embeddable":true,"href":"https:\/\/tvc16.com\/portal\/wp-json\/wp\/v2\/tags?post=3713"}],"curies":[{"name":"wp","href":"https:\/\/api.w.org\/{rel}","templated":true}]}}