{"id":3720,"date":"2020-10-23T23:46:57","date_gmt":"2020-10-23T23:46:57","guid":{"rendered":"https:\/\/tvc16.com\/portal\/?p=3720"},"modified":"2020-10-23T23:46:57","modified_gmt":"2020-10-23T23:46:57","slug":"covid-19-brasil-tem-535-milhoes-de-casos-e-1564-mil-mortes","status":"publish","type":"post","link":"https:\/\/tvc16.com\/portal\/2020\/10\/23\/covid-19-brasil-tem-535-milhoes-de-casos-e-1564-mil-mortes\/","title":{"rendered":"Covid-19: Brasil tem 5,35 milh\u00f5es de casos e 156,4 mil mortes"},"content":{"rendered":"\n<h3 class=\"wp-block-heading\">Segundo minist\u00e9rio, 4.797.872 pessoas j\u00e1 se recuperaram da doen\u00e7a<\/h3>\n\n\n\n<h4 class=\"wp-block-heading\">Por Jonas Valente \u2013 Rep\u00f3rter Ag\u00eancia Brasil* &#8211; Bras\u00edlia<\/h4>\n\n\n\n<p>O n\u00famero de pessoas infectadas com o novo coronav\u00edrus desde o in\u00edcio da pandemia chegou a 5.353.656 no Brasil. Nas \u00faltimas 24 horas, foram registrados 30.026 novos casos. Ontem, o total estava em 5.323.630.&nbsp;<img decoding=\"async\" src=\"https:\/\/agenciabrasil.ebc.com.br\/ebc.png?id=1391437&amp;o=node\"><img decoding=\"async\" src=\"https:\/\/agenciabrasil.ebc.com.br\/ebc.gif?id=1391437&amp;o=node\"><\/p>\n\n\n\n<p>J\u00e1 o n\u00famero de mortes em decorr\u00eancia da covid-19 atingiu 156.471. Ontem, o sistema de dados sobre a pandemia marcava 155.900 \u00f3bitos gerados pela doen\u00e7a. Ainda h\u00e1 2.374 falecimentos em investiga\u00e7\u00e3o.<\/p>\n\n\n\n<p>Ainda h\u00e1 399.313 casos em acompanhamento. De acordo com o Minist\u00e9rio da Sa\u00fade,&nbsp;4.797.872 pessoas j\u00e1 se recuperaram da doen\u00e7a.<\/p>\n\n\n\n<p>Os dados est\u00e3o na atualiza\u00e7\u00e3o di\u00e1ria do Minist\u00e9rio da Sa\u00fade, divulgada na noite desta sexta-feira (23). O balan\u00e7o \u00e9 feito a partir de registros reunidos pelas secretarias estaduais de sa\u00fade e enviados \u00e0 pasta para consolida\u00e7\u00e3o.<\/p>\n\n\n\n<p>Hoje o \u00f3rg\u00e3o divulgou tamb\u00e9m o Boletim Epidemiol\u00f3gico, que trouxe uma queda tanto nos casos quanto nas mortes na \u00faltima semana epidemiol\u00f3gica em compara\u00e7\u00e3o com a anterior.<\/p>\n\n\n\n<figure class=\"wp-block-image\"><img decoding=\"async\" src=\"https:\/\/imagens.ebc.com.br\/rOEdTTPTVqgo9FiiKA6960gI5Co=\/754x0\/smart\/https:\/\/agenciabrasil.ebc.com.br\/sites\/default\/files\/thumbnails\/image\/whatsapp_image_2020-10-23_at_18.17.06.jpeg?itok=l4elyKhB\" alt=\"N\u00famero de casos de pessoas infectadas com o novo coronav\u00edrus desde o in\u00edcio da pandemia chegou a 5.353.656. \" title=\"Divulga\u00e7\u00e3o\/ Minist\u00e9rio da Sa\u00fade\"\/><\/figure>\n\n\n\n<h6 class=\"wp-block-heading\">N\u00famero de casos de pessoas infectadas com o novo coronav\u00edrus desde o in\u00edcio da pandemia chegou a 5.353.656. &#8211;&nbsp;<strong>Divulga\u00e7\u00e3o\/ Minist\u00e9rio da Sa\u00fade<\/strong><\/h6>\n\n\n\n<h2 class=\"wp-block-heading\">Estados<\/h2>\n\n\n\n<p>Os estados com mais mortes s\u00e3o S\u00e3o Paulo (38.608), Rio de Janeiro (20.115), Cear\u00e1 (9.244), Minas Gerais (8.686) e Pernambuco (8.531). Com os n\u00fameros de hoje, Minas Gerais ultrapassou estado de Pernambuco e se tornou a quarta maior Unidade da Federa\u00e7\u00e3o em n\u00famero de mortes no pa\u00eds. As Unidades da Federa\u00e7\u00e3o com menos casos s\u00e3o Acre (686), Roraima (691), Amap\u00e1 (740), Tocantins (1.078) e Mato Grosso do Sul (1.538).<\/p>\n\n\n\n<h2 class=\"wp-block-heading\">S\u00e3o Paulo<\/h2>\n\n\n\n<p>O estado de S\u00e3o Paulo registra 1.083.641 casos confirmados do novo coronav\u00edrus. Dentre os casos diagnosticados, 965.971 pessoas j\u00e1 est\u00e3o recuperadas da doen\u00e7a.<\/p>\n\n\n\n<p>H\u00e1, neste momento, 7.106 pessoas internadas em todo o estado em casos suspeitos ou confirmados do novo coronav\u00edrus. Desse total, 3.128 pessoas est\u00e3o internadas em unidades de terapia intensiva (UTI). A taxa de ocupa\u00e7\u00e3o de leitos de UTI no estado \u00e9, atualmente, a mais baixa desde o in\u00edcio da pandemia do novo coronav\u00edrus: 39,9%. Na Grande S\u00e3o Paulo, a taxa \u00e9 de 40,2%.<\/p>\n\n\n\n<p><em>*Colaborou&nbsp;Elaine&nbsp;Patricia Cruz&nbsp;<\/em><\/p>\n\n\n\n<p>Edi\u00e7\u00e3o: Bruna Saniele<\/p>\n","protected":false},"excerpt":{"rendered":"<p>Segundo minist\u00e9rio, 4.797.872 pessoas j\u00e1 se recuperaram da doen\u00e7a Por Jonas Valente \u2013 Rep\u00f3rter Ag\u00eancia<\/p>\n","protected":false},"author":2,"featured_media":3721,"comment_status":"open","ping_status":"open","sticky":false,"template":"","format":"standard","meta":{"footnotes":""},"categories":[13],"tags":[],"class_list":["post-3720","post","type-post","status-publish","format-standard","has-post-thumbnail","hentry","category-saude"],"_links":{"self":[{"href":"https:\/\/tvc16.com\/portal\/wp-json\/wp\/v2\/posts\/3720","targetHints":{"allow":["GET"]}}],"collection":[{"href":"https:\/\/tvc16.com\/portal\/wp-json\/wp\/v2\/posts"}],"about":[{"href":"https:\/\/tvc16.com\/portal\/wp-json\/wp\/v2\/types\/post"}],"author":[{"embeddable":true,"href":"https:\/\/tvc16.com\/portal\/wp-json\/wp\/v2\/users\/2"}],"replies":[{"embeddable":true,"href":"https:\/\/tvc16.com\/portal\/wp-json\/wp\/v2\/comments?post=3720"}],"version-history":[{"count":1,"href":"https:\/\/tvc16.com\/portal\/wp-json\/wp\/v2\/posts\/3720\/revisions"}],"predecessor-version":[{"id":3722,"href":"https:\/\/tvc16.com\/portal\/wp-json\/wp\/v2\/posts\/3720\/revisions\/3722"}],"wp:featuredmedia":[{"embeddable":true,"href":"https:\/\/tvc16.com\/portal\/wp-json\/wp\/v2\/media\/3721"}],"wp:attachment":[{"href":"https:\/\/tvc16.com\/portal\/wp-json\/wp\/v2\/media?parent=3720"}],"wp:term":[{"taxonomy":"category","embeddable":true,"href":"https:\/\/tvc16.com\/portal\/wp-json\/wp\/v2\/categories?post=3720"},{"taxonomy":"post_tag","embeddable":true,"href":"https:\/\/tvc16.com\/portal\/wp-json\/wp\/v2\/tags?post=3720"}],"curies":[{"name":"wp","href":"https:\/\/api.w.org\/{rel}","templated":true}]}}