{"id":3723,"date":"2020-10-23T23:51:01","date_gmt":"2020-10-23T23:51:01","guid":{"rendered":"https:\/\/tvc16.com\/portal\/?p=3723"},"modified":"2020-10-23T23:51:01","modified_gmt":"2020-10-23T23:51:01","slug":"no-brasil-casos-de-covid-19-caem-19-e-mortes-diminuem-17","status":"publish","type":"post","link":"https:\/\/tvc16.com\/portal\/2020\/10\/23\/no-brasil-casos-de-covid-19-caem-19-e-mortes-diminuem-17\/","title":{"rendered":"No Brasil, casos de covid-19 caem 19% e mortes diminuem 17%"},"content":{"rendered":"\n<h3 class=\"wp-block-heading\">\u00a0Seis estados tiveram aumento de casos<\/h3>\n\n\n\n<h4 class=\"wp-block-heading\">Por Jonas Valente\u2013 Rep\u00f3rter da Ag\u00eancia Brasil &#8211; Bras\u00edlia<\/h4>\n\n\n\n<p>O n\u00famero de casos de covid-19 na \u00faltima semana epidemiol\u00f3gica caiu 19,4% em rela\u00e7\u00e3o \u00e0 anterior. J\u00e1 o quantitativo de mortes sofreu uma redu\u00e7\u00e3o de 17,5% no mesmo per\u00edodo. As informa\u00e7\u00f5es est\u00e3o no Boletim Epidemiol\u00f3gico&nbsp;<img decoding=\"async\" src=\"https:\/\/agenciabrasil.ebc.com.br\/ebc.png?id=1391422&amp;o=node\"><img decoding=\"async\" src=\"https:\/\/agenciabrasil.ebc.com.br\/ebc.gif?id=1391422&amp;o=node\">36, que analisa a evolu\u00e7\u00e3o da pandemia no pa\u00eds. O documento foi divulgado pela pasta hoje (23).<\/p>\n\n\n\n<p>Na semana epidemiol\u00f3gica (SE) 42, que vai de 11 a 17 de outubro, foram registrados 141.725 novos casos pelas autoridades de sa\u00fade. Na SE&nbsp;<img decoding=\"async\" src=\"https:\/\/agenciabrasil.ebc.com.br\/ebc.png?id=1391422&amp;o=node\"><img decoding=\"async\" src=\"https:\/\/agenciabrasil.ebc.com.br\/ebc.gif?id=1391422&amp;o=node\">41, o total de diagn\u00f3sticos positivos notificados pelas autoridades de sa\u00fade havia totalizado 175.804.<\/p>\n\n\n\n<p>Na distribui\u00e7\u00e3o por regi\u00e3o, foram registrados 52.314 casos no Sudeste, 32.484 no Nordeste, 24.670 no Sul, 19.362 no Centro-Oeste e 12.895 no Norte. O Centro-Oeste, que havia ultrapassado o Sul, voltou a ficar abaixo desta regi\u00e3o a partir da SE 40.<\/p>\n\n\n\n<figure class=\"wp-block-image\"><img decoding=\"async\" src=\"https:\/\/imagens.ebc.com.br\/9heF4f91Do1vUELpOVEoU3vRL_w=\/754x0\/smart\/https:\/\/agenciabrasil.ebc.com.br\/sites\/default\/files\/thumbnails\/image\/casos_covid-19_por_se_da_notificacao.jpg?itok=9UDOJhLN\" alt=\"Casos de covid-19 por SE da notifica\u00e7\u00e3o\" title=\"Minist\u00e9rio da Sa\u00fade\"\/><\/figure>\n\n\n\n<h6 class=\"wp-block-heading\">Casos de covid-19 por SE da notifica\u00e7\u00e3o &#8211;&nbsp;<strong>Minist\u00e9rio da Sa\u00fade<\/strong><\/h6>\n\n\n\n<p>Tamb\u00e9m nesta semana epidemiol\u00f3gica, o n\u00famero de novas mortes por contamina\u00e7\u00e3o pelo novo coronav\u00edrus foi de 3.477. Na semana anterior, 41, o n\u00famero de vidas perdidas contabilizadas pelas secretarias de sa\u00fade havia sido de 4.211.<\/p>\n\n\n\n<p>Tanto no&nbsp;<img decoding=\"async\" src=\"https:\/\/agenciabrasil.ebc.com.br\/ebc.png?id=1391422&amp;o=node\"><img decoding=\"async\" src=\"https:\/\/agenciabrasil.ebc.com.br\/ebc.gif?id=1391422&amp;o=node\">n\u00famero de infectados quanto no de&nbsp;<img decoding=\"async\" src=\"https:\/\/agenciabrasil.ebc.com.br\/ebc.png?id=1391422&amp;o=node\"><img decoding=\"async\" src=\"https:\/\/agenciabrasil.ebc.com.br\/ebc.gif?id=1391422&amp;o=node\">\u00f3bitos, o resultado mostra os movimentos descendentes das duas curvas. Quando consideradas as mortes por regi\u00e3o, o Sudeste foi respons\u00e1vel por 1.607, o Nordeste por 759, o Centro-Oeste por 479, o Sul por 431 e o Norte por 201 mortes. Apenas no Nordeste houve crescimento em rela\u00e7\u00e3o \u00e0 SE anterior, quando houve 675 falecimentos.<\/p>\n\n\n\n<figure class=\"wp-block-image\"><img decoding=\"async\" src=\"https:\/\/imagens.ebc.com.br\/-m3Lr_t2M5VBDJciyxn5wJ1yJ3w=\/754x0\/smart\/https:\/\/agenciabrasil.ebc.com.br\/sites\/default\/files\/thumbnails\/image\/obitos_covid-19_por_se_da_notificacao.jpg?itok=gEetlF2b\" alt=\"\u00d3bitos por covid-19 por SE da notifica\u00e7\u00e3o\" title=\"Minist\u00e9rio da Sa\u00fade\"\/><\/figure>\n\n\n\n<h6 class=\"wp-block-heading\">\u00d3bitos por covid-19 por SE da notifica\u00e7\u00e3o &#8211;&nbsp;<strong>Minist\u00e9rio da Sa\u00fade<\/strong><\/h6>\n\n\n\n<h2 class=\"wp-block-heading\">Estados<\/h2>\n\n\n\n<p>Conforme o Boletim Epidemiol\u00f3gico, seis estados tiveram aumento de casos na SE 42, cinco ficaram estabilizados e 16 apresentaram redu\u00e7\u00e3o. Os maiores incrementos foram no Acre (79%) e em Roraima (38%), mas vale lembrar que como a m\u00e9dia de casos \u00e9 baixa, varia\u00e7\u00f5es j\u00e1 implicam em mudan\u00e7as percentuais representativas.<\/p>\n\n\n\n<p>J\u00e1 em rela\u00e7\u00e3o \u00e0s mortes, cinco estados tiveram aumento, cinco ficaram est\u00e1veis e outros 17 experimentaram uma queda dos \u00f3bitos. Os dois estados com maiores aumentos foram Rio Grande do Norte (864%) e Amazonas (36%).<\/p>\n\n\n\n<figure class=\"wp-block-image\"><img decoding=\"async\" src=\"https:\/\/imagens.ebc.com.br\/VIYXCRS8uOOcgqX_tXpCmUkZ1Jg=\/754x0\/smart\/https:\/\/agenciabrasil.ebc.com.br\/sites\/default\/files\/thumbnails\/image\/slide_13_1.jpg?itok=SWK2P3QW\" alt=\"Covid-19 no Brasil \" title=\"Minist\u00e9rio da Sa\u00fade\"\/><\/figure>\n\n\n\n<h6 class=\"wp-block-heading\">Covid-19 no Brasil &#8211;&nbsp;<strong>Minist\u00e9rio da Sa\u00fade<\/strong><\/h6>\n\n\n\n<h2 class=\"wp-block-heading\">Compara\u00e7\u00e3o internacional<\/h2>\n\n\n\n<p>O Brasil \u00e9 o segundo pa\u00eds com mais mortes em decorr\u00eancia do novo coronav\u00edrus, atr\u00e1s apenas dos Estados Unidos, que teve at\u00e9 o momento 218,5 mil vidas perdidas por conta da covid-19. O pa\u00eds est\u00e1 tamb\u00e9m na terceira posi\u00e7\u00e3o com mais infectados no mundo, atr\u00e1s da \u00cdndia (7,4 milh\u00f5es) e dos Estados Unidos (8 milh\u00f5es).<\/p>\n\n\n\n<p>Quando considerados os \u00edndices em rela\u00e7\u00e3o \u00e0s popula\u00e7\u00f5es de cada pa\u00eds, o Brasil ocupa a 8\u00aa&nbsp;<img decoding=\"async\" src=\"https:\/\/agenciabrasil.ebc.com.br\/ebc.png?id=1391422&amp;o=node\"><img decoding=\"async\" src=\"https:\/\/agenciabrasil.ebc.com.br\/ebc.gif?id=1391422&amp;o=node\">posi\u00e7\u00e3o no ranking de incid\u00eancia (casos por 1 milh\u00e3o de habitantes), com 24,8 mil. Na lista de mortalidade (mortes por 1 milh\u00e3o de habitantes) o pa\u00eds chegou \u00e0 3\u00aa&nbsp;<img decoding=\"async\" src=\"https:\/\/agenciabrasil.ebc.com.br\/ebc.png?id=1391422&amp;o=node\"><img decoding=\"async\" src=\"https:\/\/agenciabrasil.ebc.com.br\/ebc.gif?id=1391422&amp;o=node\">posi\u00e7\u00e3o (731,3), ap\u00f3s B\u00e9lgica (898,1) e Peru (1.020,5).<\/p>\n\n\n\n<h2 class=\"wp-block-heading\">Balan\u00e7o de a\u00e7\u00f5es<\/h2>\n\n\n\n<p>O Minist\u00e9rio da Sa\u00fade apresentou um balan\u00e7o das a\u00e7\u00f5es de preven\u00e7\u00e3o e enfrentamento \u00e0 covid-19. At\u00e9 o momento foram gastos R$ 34,5 bilh\u00f5es dos R$ 44,2 bilh\u00f5es abertos em cr\u00e9dito extraordin\u00e1rio por meio de medidas provis\u00f3rias.<\/p>\n\n\n\n<p>De acordo com a pasta, foram entregues a estados e munic\u00edpios 11.661 ventiladores pulmonares para unidades de terapia intensiva (UTI) e para meios de transporte, como ambul\u00e2ncias.<\/p>\n\n\n\n<p>Foram habilitados 15.144 leitos.&nbsp;<img decoding=\"async\" src=\"https:\/\/agenciabrasil.ebc.com.br\/ebc.png?id=1391422&amp;o=node\"><img decoding=\"async\" src=\"https:\/\/agenciabrasil.ebc.com.br\/ebc.gif?id=1391422&amp;o=node\">Quanto aos leitos de suporte ventilat\u00f3rio, que realizam um atendimento intermedi\u00e1rio de pacientes com covid-19, foram habilitados 1.407.<\/p>\n\n\n\n<h2 class=\"wp-block-heading\">EPIs e testes<\/h2>\n\n\n\n<p>Foram encaminhadas 300 milh\u00f5es de unidades de equipamentos de prote\u00e7\u00e3o individual, sendo 210,6 milh\u00f5es de m\u00e1scaras cir\u00fargicas, 38,8 milh\u00f5es de luvas, 26,5 milh\u00f5es de m\u00e1scaras N95 e 19,3 milh\u00f5es de toucas e sapatilhas.<\/p>\n\n\n\n<p>At\u00e9 o momento, foram distribu\u00eddos 7,6 milh\u00f5es de testes laboratoriais (RT-PCR). Destes, foram realizados 4,5 milh\u00f5es na rede p\u00fablica (o que pode incluir outros exames adquiridos pelos governos estaduais). Na rede privada, foram processados 3,4 milh\u00f5es.<\/p>\n\n\n\n<h2 class=\"wp-block-heading\">Medicamentos<\/h2>\n\n\n\n<p>O Minist\u00e9rio da Sa\u00fade enviou 5,8 milh\u00f5es de doses de cloroquina e 4,3 milh\u00f5es de rem\u00e9dios para intuba\u00e7\u00e3o. Estes \u00faltimos foram objeto de preocupa\u00e7\u00e3o por uma risco de desabastecimento nos estados.<\/p>\n\n\n\n<p>Foram promovidas a\u00e7\u00f5es como requisi\u00e7\u00e3o administrativa e um preg\u00e3o eletr\u00f4nico com compra centralizada. De acordo com o Minist\u00e9rio da Sa\u00fade, houve queda de consumo de rem\u00e9dios para intuba\u00e7\u00e3o, como subst\u00e2ncias analg\u00e9sicas, para seda\u00e7\u00e3o, bloqueador neuromuscular.<\/p>\n\n\n\n<h2 class=\"wp-block-heading\">Veja na \u00edntegra<\/h2>\n\n\n\n<figure class=\"wp-block-embed-youtube wp-block-embed is-type-rich is-provider-incorporar-manipulador wp-embed-aspect-16-9 wp-has-aspect-ratio\"><div class=\"wp-block-embed__wrapper\">\n<iframe loading=\"lazy\" title=\"Minist\u00e9rio da Sa\u00fade atualiza informa\u00e7\u00f5es sobre o coronav\u00edrus por meio de coletiva on-line\" width=\"640\" height=\"360\" src=\"https:\/\/www.youtube.com\/embed\/ja1Z5mVGiYw?feature=oembed\" frameborder=\"0\" allow=\"accelerometer; autoplay; clipboard-write; encrypted-media; gyroscope; picture-in-picture; web-share\" referrerpolicy=\"strict-origin-when-cross-origin\" allowfullscreen><\/iframe>\n<\/div><\/figure>\n\n\n\n<figure class=\"wp-block-image\"><img decoding=\"async\" src=\"https:\/\/agenciabrasil.ebc.com.br\/ebc.png?id=1391422&amp;o=node\" alt=\"\"\/><\/figure>\n\n\n\n<figure class=\"wp-block-image\"><img decoding=\"async\" src=\"https:\/\/agenciabrasil.ebc.com.br\/ebc.gif?id=1391422&amp;o=node\" alt=\"\"\/><\/figure>\n\n\n\n<p>Edi\u00e7\u00e3o: Aline Leal e Liliane Farias<\/p>\n","protected":false},"excerpt":{"rendered":"<p>\u00a0Seis estados tiveram aumento de casos Por Jonas Valente\u2013 Rep\u00f3rter da Ag\u00eancia Brasil &#8211; Bras\u00edlia<\/p>\n","protected":false},"author":2,"featured_media":3725,"comment_status":"open","ping_status":"open","sticky":false,"template":"","format":"standard","meta":{"footnotes":""},"categories":[13],"tags":[],"class_list":["post-3723","post","type-post","status-publish","format-standard","has-post-thumbnail","hentry","category-saude"],"_links":{"self":[{"href":"https:\/\/tvc16.com\/portal\/wp-json\/wp\/v2\/posts\/3723","targetHints":{"allow":["GET"]}}],"collection":[{"href":"https:\/\/tvc16.com\/portal\/wp-json\/wp\/v2\/posts"}],"about":[{"href":"https:\/\/tvc16.com\/portal\/wp-json\/wp\/v2\/types\/post"}],"author":[{"embeddable":true,"href":"https:\/\/tvc16.com\/portal\/wp-json\/wp\/v2\/users\/2"}],"replies":[{"embeddable":true,"href":"https:\/\/tvc16.com\/portal\/wp-json\/wp\/v2\/comments?post=3723"}],"version-history":[{"count":1,"href":"https:\/\/tvc16.com\/portal\/wp-json\/wp\/v2\/posts\/3723\/revisions"}],"predecessor-version":[{"id":3726,"href":"https:\/\/tvc16.com\/portal\/wp-json\/wp\/v2\/posts\/3723\/revisions\/3726"}],"wp:featuredmedia":[{"embeddable":true,"href":"https:\/\/tvc16.com\/portal\/wp-json\/wp\/v2\/media\/3725"}],"wp:attachment":[{"href":"https:\/\/tvc16.com\/portal\/wp-json\/wp\/v2\/media?parent=3723"}],"wp:term":[{"taxonomy":"category","embeddable":true,"href":"https:\/\/tvc16.com\/portal\/wp-json\/wp\/v2\/categories?post=3723"},{"taxonomy":"post_tag","embeddable":true,"href":"https:\/\/tvc16.com\/portal\/wp-json\/wp\/v2\/tags?post=3723"}],"curies":[{"name":"wp","href":"https:\/\/api.w.org\/{rel}","templated":true}]}}