{"id":3733,"date":"2020-10-23T23:58:30","date_gmt":"2020-10-23T23:58:30","guid":{"rendered":"https:\/\/tvc16.com\/portal\/?p=3733"},"modified":"2020-10-23T23:58:30","modified_gmt":"2020-10-23T23:58:30","slug":"eua-debate-mais-moderado-revela-diferentes-visoes-do-mundo","status":"publish","type":"post","link":"https:\/\/tvc16.com\/portal\/2020\/10\/23\/eua-debate-mais-moderado-revela-diferentes-visoes-do-mundo\/","title":{"rendered":"EUA: debate mais moderado revela diferentes vis\u00f5es do mundo"},"content":{"rendered":"\n<h4 class=\"wp-block-heading\">Por RTP &#8211; Nashville (EUA)<\/h4>\n\n\n\n<figure class=\"wp-block-image\"><a href=\"https:\/\/www.rtp.pt\/\" target=\"_blank\" rel=\"noreferrer noopener\"><img decoding=\"async\" src=\"https:\/\/agenciabrasil.ebc.com.br\/sites\/default\/files\/styles\/269x0\/public\/logo_parceiros\/logo_rtp.jpg?itok=HEH6qO8e\" alt=\"RTP - R\u00e1dio e Televis\u00e3o de Portugal\"\/><\/a><\/figure>\n\n\n\n<p>O segundo debate entre os candidatos \u00e0 Presid\u00eancia dos Estados Unidos, Donald Trump e Joe Biden, na noite dessa quinta-feira (22), foi mais moderado e apresentou duas vis\u00f5es de mundo muito diferentes, publica hoje (23) a imprensa mundial.<img decoding=\"async\" src=\"https:\/\/agenciabrasil.ebc.com.br\/ebc.png?id=1391359&amp;o=node\"><img decoding=\"async\" src=\"https:\/\/agenciabrasil.ebc.com.br\/ebc.gif?id=1391359&amp;o=node\"><\/p>\n\n\n\n<p>O jornal norte-americano&nbsp;<em>New York Times<\/em>&nbsp;destacou&nbsp;que o tom deste segundo e \u00faltimo debate foi, no geral, mais moderado do que no primeiro encontro, realizado no m\u00eas passado, entre o&nbsp;republicano e atual presidente, Donald Trump, e o democrata Joe Biden.<\/p>\n\n\n\n<p>Se o teor desse segundo debate, que ocorreu na Belmont University em Nashville, foi mais moderado, o conflito em quest\u00f5es de subst\u00e2ncia e vis\u00e3o n\u00e3o poderia ter sido mais dram\u00e1tico, segundo o&nbsp;<em>The New York Time<\/em>s.<\/p>\n\n\n\n<p>Desde os primeiros minutos, os dois candidatos tomaram posi\u00e7\u00f5es opostas sobre a pandemia do SARS-CoV-2 e Trump prometeu &#8211; desafiando as evid\u00eancias &#8211; que a doen\u00e7a est\u00e1&nbsp;desaparecendo.&nbsp;Biden pediu&nbsp;uma a\u00e7\u00e3o federal muito mais agressiva para o &#8220;inverno sombrio&#8221; que se avizinha.<\/p>\n\n\n\n<p>Para o&nbsp;<em>The New York Times<\/em>, ambos deram previs\u00f5es opostas para a pandemia do novo coronav\u00edrus e revelaram diferen\u00e7as irreconcili\u00e1veis em quest\u00f5es que v\u00e3o desde o resgate da economia e fortalecimento do sistema de sa\u00fade at\u00e9 o combate \u00e0s mudan\u00e7as clim\u00e1ticas e a reformula\u00e7\u00e3o do sistema de imigra\u00e7\u00e3o.<\/p>\n\n\n\n<p>O jornal norte-americano&nbsp;<em>Washington Post<\/em>&nbsp;tamb\u00e9m afirmou&nbsp;que o debate foi mais moderado que o anterior e que as vis\u00f5es de mundo s\u00e3o muito diferentes entre os dois candidatos.<\/p>\n\n\n\n<p>Donald Trump tentou mostrar Joe Biden como um pol\u00edtico atormentado por esc\u00e2ndalos que falhou durante d\u00e9cadas na pol\u00edtica, e Biden tentou retratar Trump como um demagogo que abusou criminosamente dos imigrantes e lidou mal com a pandemia do novo coronav\u00edrus.<\/p>\n\n\n\n<p>As constantes interrup\u00e7\u00f5es do primeiro debate, escreve o&nbsp;<em>Washington Post<\/em>, foram substitu\u00eddas por um contraste mais claro entre as suas vis\u00f5es conflitantes sobre o pa\u00eds e a trocas de ataques mais definidas.<\/p>\n\n\n\n<p>Quando Trump tentou acusar Biden de ganhar dinheiro com a China, o ex-vice-presidente de Barack Obama lembrou&nbsp;que o chefe de Estado n\u00e3o divulgou as suas declara\u00e7\u00f5es de impostos, apesar das promessas de faz\u00ea-lo.<\/p>\n\n\n\n<h2 class=\"wp-block-heading\">Imigra\u00e7\u00e3o<\/h2>\n\n\n\n<p>Segundo o&nbsp;<em>Washington Post<\/em>, um dos momentos mais quentes da noite concentrou-se na pol\u00edtica de Trump,de separar as crian\u00e7as imigrantes de suas fam\u00edlias na fronteira.<\/p>\n\n\n\n<p>O portal na internet do jornal mexicano&nbsp;<em>La Cr\u00f3nica<\/em>&nbsp;destacou tamb\u00e9m como o momento mais dram\u00e1tico da noite a quest\u00e3o da pol\u00edtica migrat\u00f3ria, que afeta diretamente o M\u00e9xico, que faz fronteira com os Estados Unidos e por onde entra grande parte dos imigrantes.<\/p>\n\n\n\n<p>Na hora do debate sobre a pol\u00edtica de imigra\u00e7\u00e3o, Biden n\u00e3o perdeu a oportunidade de acusar o seu rival com a not\u00edcia recente sobre as 545 crian\u00e7as que foram separadas de seus pais migrantes, h\u00e1 cerca de dois e tr\u00eas anos, cujos pais ainda n\u00e3o puderam ser localizado para reagrupamento familiar ordenado pela Justi\u00e7a.<\/p>\n\n\n\n<p>O jornal mexicano tamb\u00e9m lembrou&nbsp;a tentativa de Trump de fugir \u00e0 responsabilidade pela crise de sa\u00fade causada pela pandemia do SARS-CoV-2.<\/p>\n\n\n\n<p>O presidente dos EUA, Donald Trump, e o democrata Joe Biden ofereceram vis\u00f5es fortemente contrastantes sobre a pandemia do novo coronav\u00edrus, buscando persuadir os poucos eleitores indecisos 12 dias antes da elei\u00e7\u00e3o de 3 de novembro, segundo o di\u00e1rio mexicano.<\/p>\n\n\n\n<p>Para o jornal canadense&nbsp;<em>Toronto Sun<\/em>, Trump adotou um tom mais contido do que durante o ca\u00f3tico primeiro debate presidencial em setembro, quando interrompeu Biden repetidamente.<\/p>\n\n\n\n<p>Mas, segundo o di\u00e1rio, o confronto de ontem&nbsp;ainda apresentou muitos ataques pessoais entre dois homens que demonstram pouco respeito um pelo outro e Trump continuou a levantar acusa\u00e7\u00f5es de corrup\u00e7\u00e3o infundadas sobre Biden e sua fam\u00edlia.<\/p>\n\n\n\n<p>O Toronto Sun disse&nbsp;que os candidatos entraram em confronto sobre sa\u00fade, rela\u00e7\u00e3o com a China e &#8211; ap\u00f3s meses de protestos antirracismo &#8211; rela\u00e7\u00f5es raciais, com Biden afirmando&nbsp;que Trump foi &#8220;um dos presidentes mais racistas&#8221; da hist\u00f3ria.<\/p>\n\n\n\n<p>O jornal franc\u00eas&nbsp;<em>Le Monde<\/em>&nbsp;disse&nbsp;que o debate presidencial n\u00e3o viu um, mas uma vencedora, a moderadora Kristen Welker, da televis\u00e3o NBC, que conseguiu controlar os candidatos.<\/p>\n\n\n\n<p>Desta vez, segundo o&nbsp;<em>Le Monde<\/em>, os eleitores puderam ouvir os dois candidatos, que se op\u00f5em em praticamente todas as quest\u00f5es, apresentando&nbsp;suas ideias, sua vis\u00e3o dos Estados Unidos, mas tamb\u00e9m as cr\u00edticas ao advers\u00e1rio, de maneira ordenada e intelig\u00edvel.<\/p>\n\n\n\n<p>Para o&nbsp;<em>Le Monde<\/em>, o candidato democrata, favorito nas sondagens, soube resistir ao bom desempenho de Trump neste encontro mais pac\u00edfico que o anterior, em que a crise do novo coronav\u00edrus, a imigra\u00e7\u00e3o, o racismo, a economia norte-americana foram os pontos principais do debate.<\/p>\n\n\n\n<p>J\u00e1 o jornal brit\u00e2nico&nbsp;<em>The Guardian<\/em>&nbsp;sublinhou que a noite em Nashville come\u00e7ou com relativa calma, com os rivais apresentando os seus argumentos finais \u00e0 na\u00e7\u00e3o, em plena pandemia que matou mais de 220 mil norte-americanos e infectou outros milh\u00f5es, incluindo o presidente Donald Trump.<\/p>\n\n\n\n<p>A elei\u00e7\u00e3o presidencial norte-americana ser\u00e1 realizada no dia 3 de novembro.<\/p>\n","protected":false},"excerpt":{"rendered":"<p>Por RTP &#8211; Nashville (EUA) O segundo debate entre os candidatos \u00e0 Presid\u00eancia dos Estados<\/p>\n","protected":false},"author":2,"featured_media":3734,"comment_status":"open","ping_status":"open","sticky":false,"template":"","format":"standard","meta":{"footnotes":""},"categories":[22],"tags":[],"class_list":["post-3733","post","type-post","status-publish","format-standard","has-post-thumbnail","hentry","category-internacional"],"_links":{"self":[{"href":"https:\/\/tvc16.com\/portal\/wp-json\/wp\/v2\/posts\/3733","targetHints":{"allow":["GET"]}}],"collection":[{"href":"https:\/\/tvc16.com\/portal\/wp-json\/wp\/v2\/posts"}],"about":[{"href":"https:\/\/tvc16.com\/portal\/wp-json\/wp\/v2\/types\/post"}],"author":[{"embeddable":true,"href":"https:\/\/tvc16.com\/portal\/wp-json\/wp\/v2\/users\/2"}],"replies":[{"embeddable":true,"href":"https:\/\/tvc16.com\/portal\/wp-json\/wp\/v2\/comments?post=3733"}],"version-history":[{"count":1,"href":"https:\/\/tvc16.com\/portal\/wp-json\/wp\/v2\/posts\/3733\/revisions"}],"predecessor-version":[{"id":3735,"href":"https:\/\/tvc16.com\/portal\/wp-json\/wp\/v2\/posts\/3733\/revisions\/3735"}],"wp:featuredmedia":[{"embeddable":true,"href":"https:\/\/tvc16.com\/portal\/wp-json\/wp\/v2\/media\/3734"}],"wp:attachment":[{"href":"https:\/\/tvc16.com\/portal\/wp-json\/wp\/v2\/media?parent=3733"}],"wp:term":[{"taxonomy":"category","embeddable":true,"href":"https:\/\/tvc16.com\/portal\/wp-json\/wp\/v2\/categories?post=3733"},{"taxonomy":"post_tag","embeddable":true,"href":"https:\/\/tvc16.com\/portal\/wp-json\/wp\/v2\/tags?post=3733"}],"curies":[{"name":"wp","href":"https:\/\/api.w.org\/{rel}","templated":true}]}}