{"id":37341,"date":"2022-06-02T13:25:32","date_gmt":"2022-06-02T16:25:32","guid":{"rendered":"https:\/\/tvc16.com\/portal\/?p=37341"},"modified":"2022-06-02T13:28:14","modified_gmt":"2022-06-02T16:28:14","slug":"mprj-e-prefeitura-de-petropolis-fazem-vistoria-em-locais-afetados-pelas-chuvas-na-24-de-maio","status":"publish","type":"post","link":"https:\/\/tvc16.com\/portal\/2022\/06\/02\/mprj-e-prefeitura-de-petropolis-fazem-vistoria-em-locais-afetados-pelas-chuvas-na-24-de-maio\/","title":{"rendered":"MPRJ e Prefeitura de Petr\u00f3polis fazem vistoria em locais afetados pelas chuvas na 24 de maio"},"content":{"rendered":"\n<p>O Minist\u00e9rio P\u00fablico do Rio de Janeiro (MPRJ) realizou uma vistoria na comunidade 24 de maio na manh\u00e3 desta quinta-feira (2). Essa vistoria, promovida pela procuradora Denise Tarin e membros da Prefeitura de Petr\u00f3polis, foi solicitada pela presidente da Associa\u00e7\u00e3o de Moradores, Odete da Silva.<\/p>\n\n\n\n<p>Durante a vistoria, foram verificados os pontos mais afetados na comunidade pelas chuvas do in\u00edcio do ano, como por exemplo, a quadra esportiva. No final de abril, um acordo realizado na 4\u00aa Vara de Justi\u00e7a de Petr\u00f3polis pede que o Governo do Estado realize a Regulariza\u00e7\u00e3o Fundi\u00e1ria Plena em algumas comunidades do munic\u00edpio.&nbsp; A comunidade 24 de maio seria o projeto piloto desta regulariza\u00e7\u00e3o.<\/p>\n\n\n\n<p>O MPRJ entende que o processo pleno, vai muito al\u00e9m da entrega de t\u00edtulo de propriedades, onde s\u00e3o tratados a sa\u00fade, saneamento b\u00e1sico e avalia\u00e7\u00f5es de risco.\u00a0 \u00a0A ideia \u00e9 que, junto das interven\u00e7\u00f5es p\u00f3s trag\u00e9dia nas comunidades, seja realizada tamb\u00e9m a Regulariza\u00e7\u00e3o Fundi\u00e1ria Plena com o Instituto de Terras do Estado e outros \u00f3rg\u00e3os do Governo do Estado e da prefeitura. Durante a visita, a prefeitura vistoriou a quadra da 24 de maio que ainda tem muitos entulhos desde a trag\u00e9dia. A COMDEP informou que vai come\u00e7ar a limpeza da quadra nesta sexta-feira (3) e ser\u00e1 finalizada em 10 dias.<\/p>\n\n\n\n<p>Estavam presentes o prefeito Rubens Bomtempo, a procuradora do MPRJ Denise Tarin, o secret\u00e1rio de defesa civil Gil Kempers, o secret\u00e1rio de obras Almir Schimidt e o presidente da comdep, Leonardo Fran\u00e7a.<\/p>\n","protected":false},"excerpt":{"rendered":"<p>O Minist\u00e9rio P\u00fablico do Rio de Janeiro (MPRJ) realizou uma vistoria na comunidade 24 de<\/p>\n","protected":false},"author":2,"featured_media":37342,"comment_status":"open","ping_status":"open","sticky":false,"template":"","format":"standard","meta":{"footnotes":""},"categories":[12],"tags":[],"class_list":["post-37341","post","type-post","status-publish","format-standard","has-post-thumbnail","hentry","category-cidade"],"_links":{"self":[{"href":"https:\/\/tvc16.com\/portal\/wp-json\/wp\/v2\/posts\/37341","targetHints":{"allow":["GET"]}}],"collection":[{"href":"https:\/\/tvc16.com\/portal\/wp-json\/wp\/v2\/posts"}],"about":[{"href":"https:\/\/tvc16.com\/portal\/wp-json\/wp\/v2\/types\/post"}],"author":[{"embeddable":true,"href":"https:\/\/tvc16.com\/portal\/wp-json\/wp\/v2\/users\/2"}],"replies":[{"embeddable":true,"href":"https:\/\/tvc16.com\/portal\/wp-json\/wp\/v2\/comments?post=37341"}],"version-history":[{"count":2,"href":"https:\/\/tvc16.com\/portal\/wp-json\/wp\/v2\/posts\/37341\/revisions"}],"predecessor-version":[{"id":37344,"href":"https:\/\/tvc16.com\/portal\/wp-json\/wp\/v2\/posts\/37341\/revisions\/37344"}],"wp:featuredmedia":[{"embeddable":true,"href":"https:\/\/tvc16.com\/portal\/wp-json\/wp\/v2\/media\/37342"}],"wp:attachment":[{"href":"https:\/\/tvc16.com\/portal\/wp-json\/wp\/v2\/media?parent=37341"}],"wp:term":[{"taxonomy":"category","embeddable":true,"href":"https:\/\/tvc16.com\/portal\/wp-json\/wp\/v2\/categories?post=37341"},{"taxonomy":"post_tag","embeddable":true,"href":"https:\/\/tvc16.com\/portal\/wp-json\/wp\/v2\/tags?post=37341"}],"curies":[{"name":"wp","href":"https:\/\/api.w.org\/{rel}","templated":true}]}}