{"id":37347,"date":"2022-06-02T14:44:55","date_gmt":"2022-06-02T17:44:55","guid":{"rendered":"https:\/\/tvc16.com\/portal\/?p=37347"},"modified":"2022-06-02T14:44:56","modified_gmt":"2022-06-02T17:44:56","slug":"governador-claudio-castro-vai-a-teresopolis-nesta-sexta-feira","status":"publish","type":"post","link":"https:\/\/tvc16.com\/portal\/2022\/06\/02\/governador-claudio-castro-vai-a-teresopolis-nesta-sexta-feira\/","title":{"rendered":"Governador Cl\u00e1udio Castro vai a Teres\u00f3polis nesta sexta-feira"},"content":{"rendered":"\n<p>Depois de recente visita a Teres\u00f3polis no dia 30 de mar\u00e7o, o Governador Cl\u00e1udio Castro volta a ser recebido pelo Prefeito Vinicius Claussen nesta sexta-feira, 03\/06, para o an\u00fancio de novos investimentos, o lan\u00e7amento e a entrega de importantes obras nas \u00e1reas de sa\u00fade, infraestrutura vi\u00e1ria, educa\u00e7\u00e3o e desenvolvimento industrial.<\/p>\n\n\n\n<p><em>\u201cNa \u00faltima visita, Cl\u00e1udio Castro vistoriou as obras de recapeamento da Estrada Teres\u00f3polis-Friburgo, antigo anseio da popula\u00e7\u00e3o; lan\u00e7ou a pedra fundamental da constru\u00e7\u00e3o de mais 500 unidades habitacionais e entregou ao munic\u00edpio a Creche e Centro Municipal de Educa\u00e7\u00e3o Infantil do Parque Ermitage. O governador tamb\u00e9m inaugurou o modelo de policiamento Seguran\u00e7a Presente e a Ag\u00eancia Resolve\/RJ, de Desenvolvimento Econ\u00f4mico Regional, e lan\u00e7ou a pedra fundamental da reforma da Rodovi\u00e1ria e da Feirarte, a popular Feirinha de Teres\u00f3polis. Agora, Cl\u00e1udio Castro volta a nossa cidade para novas a\u00e7\u00f5es em conjunto com a Prefeitura e que somam mais de R$ 100 milh\u00f5es de investimentos no munic\u00edpio\u201d<\/em>, comemora o Prefeito Vinicius Claussen.<\/p>\n\n\n\n<p><strong><u>Agenda \u2013 03 de junho, sexta-feira:<\/u><\/strong><\/p>\n\n\n\n<ul class=\"wp-block-list\"><li><strong><u>14h30, Reinaugura\u00e7\u00e3o da Faetec Teres\u00f3polis (Av. Presidente Roosevelt, s\/n\u00ba, Barra do Imbu\u00ed)<\/u><\/strong>: Atendendo a pedido do Prefeito Vinicius Claussen e do Deputado Estadual Andr\u00e9 Corr\u00eaa, os investimentos do Governo do Estado nas obras de revitaliza\u00e7\u00e3o da unidade inclu\u00edram troca de revestimento, reparos na rede el\u00e9trica, pintura interna e externa. Recentemente, o p\u00f3lo recebeu aparelhos de ar-condicionado para climatiza\u00e7\u00e3o das salas de aula. Instalada no Ciep 282 Prof. Jos\u00e9 Olympio, na Barra do Imbu\u00ed, a Funda\u00e7\u00e3o de Apoio \u00e0 Escola T\u00e9cnica \u00e9 vinculada \u00e0 Secretaria de Estado de Ci\u00eancia e Tecnologia e oferece educa\u00e7\u00e3o profissional gratuita em v\u00e1rios n\u00edveis de ensino.<\/li><li><strong><u>15h30, Vistoria do Programa Asfalto Novo e Governo Presente no Pimentel (Rua Manoel Carreiro de Melo)<\/u><\/strong>: Resultado de parceria entre Prefeitura e o Governo do Estado, o recapeamento asf\u00e1ltico teve in\u00edcio no dia 28\/05 com o trabalho de fresagem na Rua Manoel Carreiro de Melo e prossegue com a aplica\u00e7\u00e3o de asfalto quente nos cerca de 900 metros de extens\u00e3o da via. Investimento de mais de R$ 45 milh\u00f5es do Governo Estadual, a 1\u00aa fase do Programa Asfalto Novo-Governo Presente prev\u00ea o recapeamento de 50 quil\u00f4metros de vias p\u00fablicas, na cidade e no interior. O termo de coopera\u00e7\u00e3o t\u00e9cnica entre Estado e Munic\u00edpio foi assinado em fevereiro, em Teres\u00f3polis, e amplia o alcance do programa executado pela Prefeitura. Pintura e sinaliza\u00e7\u00e3o horizontal e vertical completam a a\u00e7\u00e3o.<\/li><li><strong><u>16h30, Lan\u00e7amento do Polo de Sa\u00fade S\u00e3o Pedro (Rua Tenente Luiz Meirelles, 789, S\u00e3o Pedro):<\/u><\/strong>&nbsp;O pr\u00e9dio do antigo ambulat\u00f3rio do Unifeso ser\u00e1 desapropriado pelo Governo do Estado e repassado ao Munic\u00edpio para instala\u00e7\u00e3o:<\/li><\/ul>\n\n\n\n<p><strong>Cl\u00ednica da Mulher<\/strong>&nbsp;\u2013 oferecer\u00e1 atendimento especializado ao p\u00fablico feminino no ciclo vital gesta\u00e7\u00e3o-parto-p\u00f3s-parto e atendimento de pediatria, desde a puericultura at\u00e9 a adolesc\u00eancia;<\/p>\n\n\n\n<p><strong>Centro de Diagn\u00f3stico Precoce do C\u00e2ncer<\/strong>&nbsp;\u2013 disponibilizar\u00e1 servi\u00e7os e exames para auxiliar na identifica\u00e7\u00e3o da doen\u00e7a, como mamografia, endoscopia, colonoscopia e bi\u00f3psias, e atendimento ao p\u00fablico masculino;<\/p>\n\n\n\n<p><strong>Centro de Imagem&nbsp;<\/strong>\u2013 unidade moderna equipada com aparelhos de ultrassonografia, tomografia computadorizada e resson\u00e2ncia magn\u00e9tica, entre outros, para atendimentos especializados aos pacientes em tratamento;<\/p>\n\n\n\n<p><strong>Aten\u00e7\u00e3o Secund\u00e1ria:&nbsp;<\/strong>O Polo de Sa\u00fade contar\u00e1 tamb\u00e9m com diversas especialidades cl\u00ednicas e cir\u00fargicas, como cirurgia vascular, angiologia, endocrinologia, urologia, cirurgia geral e neurologia, entre outras.<\/p>\n\n\n\n<ul class=\"wp-block-list\"><li><strong><u>Reuni\u00e3o do CIS-Serra \u2013 Cons\u00f3rcio Intermunicipal de Sa\u00fade da Regi\u00e3o Serrana,<\/u><\/strong>&nbsp;cujo vice-presidente \u00e9 o Prefeito de Teres\u00f3polis, Vinicius Claussen. Em pauta, as principais demandas de sa\u00fade dos 16 munic\u00edpios integrantes do cons\u00f3rcio: Teres\u00f3polis, Bom Jardim, Duas Barras, Cachoeiras de Macacu, Cantagalo, Carmo, Cordeiro, Guapimirim, Macuco, Nova Friburgo, Petr\u00f3polis, S\u00e3o Jos\u00e9 do Vale do Rio Preto, S\u00e3o Sebasti\u00e3o do Alto, Santa Maria Madalena, Sumidouro e Trajano de Moraes. O CIS-Serra foi criado em 2004 para fortalecer as a\u00e7\u00f5es conjuntas de sa\u00fade entre os munic\u00edpios de sua \u00e1rea de abrang\u00eancia, como a compra de insumos e a presta\u00e7\u00e3o de servi\u00e7os, e oferecer melhor atendimento \u00e0 popula\u00e7\u00e3o.<\/li><\/ul>\n\n\n\n<ul class=\"wp-block-list\"><li><strong><u>17h30, Lan\u00e7amento do Condom\u00ednio AgroTechIndustrial (Alterdata Teres\u00f3polis \u2013 Rua Prefeito Sebasti\u00e3o Teixeira, 227, V\u00e1rzea):<\/u><\/strong>&nbsp;A iniciativa, que tem como objetivo principal impulsionar o desenvolvimento agr\u00edcola, tecnol\u00f3gico e industrial do munic\u00edpio, tem o apoio do Governo do Estado para a defini\u00e7\u00e3o de \u00e1rea no interior do munic\u00edpio e investimento de recursos para a instala\u00e7\u00e3o da infraestrutura do empreendimento.<\/li><li><strong><u>Reuni\u00e3o com o MercoSerra para apresenta\u00e7\u00e3o das Leis 6.979\/2015 e 5.636\/2022 sobre incentivos do ICMS:<\/u><\/strong>&nbsp;Os representantes dos munic\u00edpios de Teres\u00f3polis, Areal, Guapimirim, Nova Friburgo e Petr\u00f3polis, que integram a Rede de Neg\u00f3cios da Serra Verde Imperial MercoSerrra, ser\u00e3o atualizados sobre a legisla\u00e7\u00e3o estadual que concede tratamento tribut\u00e1rio especial de ICMS com o objetivo de diminuir as desigualdades regionais no estado do Rio de Janeiro.<\/li><\/ul>\n","protected":false},"excerpt":{"rendered":"<p>Depois de recente visita a Teres\u00f3polis no dia 30 de mar\u00e7o, o Governador Cl\u00e1udio Castro<\/p>\n","protected":false},"author":2,"featured_media":37348,"comment_status":"open","ping_status":"open","sticky":false,"template":"","format":"standard","meta":{"footnotes":""},"categories":[17],"tags":[],"class_list":["post-37347","post","type-post","status-publish","format-standard","has-post-thumbnail","hentry","category-outras-noticias"],"_links":{"self":[{"href":"https:\/\/tvc16.com\/portal\/wp-json\/wp\/v2\/posts\/37347","targetHints":{"allow":["GET"]}}],"collection":[{"href":"https:\/\/tvc16.com\/portal\/wp-json\/wp\/v2\/posts"}],"about":[{"href":"https:\/\/tvc16.com\/portal\/wp-json\/wp\/v2\/types\/post"}],"author":[{"embeddable":true,"href":"https:\/\/tvc16.com\/portal\/wp-json\/wp\/v2\/users\/2"}],"replies":[{"embeddable":true,"href":"https:\/\/tvc16.com\/portal\/wp-json\/wp\/v2\/comments?post=37347"}],"version-history":[{"count":1,"href":"https:\/\/tvc16.com\/portal\/wp-json\/wp\/v2\/posts\/37347\/revisions"}],"predecessor-version":[{"id":37349,"href":"https:\/\/tvc16.com\/portal\/wp-json\/wp\/v2\/posts\/37347\/revisions\/37349"}],"wp:featuredmedia":[{"embeddable":true,"href":"https:\/\/tvc16.com\/portal\/wp-json\/wp\/v2\/media\/37348"}],"wp:attachment":[{"href":"https:\/\/tvc16.com\/portal\/wp-json\/wp\/v2\/media?parent=37347"}],"wp:term":[{"taxonomy":"category","embeddable":true,"href":"https:\/\/tvc16.com\/portal\/wp-json\/wp\/v2\/categories?post=37347"},{"taxonomy":"post_tag","embeddable":true,"href":"https:\/\/tvc16.com\/portal\/wp-json\/wp\/v2\/tags?post=37347"}],"curies":[{"name":"wp","href":"https:\/\/api.w.org\/{rel}","templated":true}]}}