{"id":37350,"date":"2022-06-02T14:46:53","date_gmt":"2022-06-02T17:46:53","guid":{"rendered":"https:\/\/tvc16.com\/portal\/?p=37350"},"modified":"2022-06-02T14:46:55","modified_gmt":"2022-06-02T17:46:55","slug":"senado-aprova-pec-que-da-sinal-verde-a-piso-nacional-da-enfermagem","status":"publish","type":"post","link":"https:\/\/tvc16.com\/portal\/2022\/06\/02\/senado-aprova-pec-que-da-sinal-verde-a-piso-nacional-da-enfermagem\/","title":{"rendered":"Senado aprova PEC que d\u00e1 sinal verde a piso nacional da enfermagem"},"content":{"rendered":"\n<p>O plen\u00e1rio do Senado aprovou nesta quinta-feira (2), em dois turnos, a Proposta de Emenda \u00e0 Constitui\u00e7\u00e3o (PEC) 11\/2022, que d\u00e1 seguran\u00e7a jur\u00eddica ao piso salarial nacional de enfermeiros, t\u00e9cnicos de enfermagem, auxiliares de enfermagem e parteiras. A PEC segue agora para a C\u00e2mara dos Deputados.<br><br>A mat\u00e9ria, que foi proposta ap\u00f3s senadores e deputados&nbsp;<a href=\"https:\/\/agenciabrasil.ebc.com.br\/politica\/noticia\/2022-05\/camara-aprova-piso-salarial-para-enfermeiros\" target=\"_blank\" rel=\"noreferrer noopener\">aprovarem o PL 2.564\/2020<\/a>, de autoria do senador Fabiano Contarato (PT-ES), que prev\u00ea piso m\u00ednimo inicial para enfermeiros no valor de R$ 4.750. Pela proposta, esta ser\u00e1 a remunera\u00e7\u00e3o m\u00ednima a ser paga nacionalmente por servi\u00e7os de sa\u00fade p\u00fablicos e privados. No caso dos demais profissionais, o texto fixa 70% do piso nacional dos enfermeiros para os t\u00e9cnicos de enfermagem e 50% para os auxiliares de enfermagem e as parteiras.<img decoding=\"async\" src=\"https:\/\/agenciabrasil.ebc.com.br\/ebc.png?id=1463354&amp;o=node\"><img decoding=\"async\" src=\"https:\/\/agenciabrasil.ebc.com.br\/ebc.gif?id=1463354&amp;o=node\"><\/p>\n\n\n\n<p>Por ter sido aprovada pelo Congresso Nacional sem&nbsp;fonte de recursos garantida,&nbsp;para evitar inseguran\u00e7a jur\u00eddica e o n\u00e3o cumprimento do piso, a senadora Eliziane Gama (Cidadania-MA) apresentou a PEC aprovada hoje. Sem esta, o pagamento do piso poderia ser&nbsp;suspenso pelos tribunais, sob o argumento de v\u00edcio de iniciativa. Segundo Eliziane Gama, a PEC aprovada hoje replica o arranjo constitucional feito para o piso salarial nacional do magist\u00e9rio, previsto expressamente na Constitui\u00e7\u00e3o e regulado por lei ordin\u00e1ria.<\/p>\n\n\n\n<p>De acordo com o Conselho Federal de Enfermagem (Cofen), o piso salarial da categoria \u00e9 uma luta hist\u00f3rica que pode corrigir disparidades na remunera\u00e7\u00e3o. Dados apresentados pelo Cofen destacam que mais de 1,3 milh\u00e3o de profissionais ser\u00e3o diretamente beneficiados com a medida, pois recebem menos do que os valores estabelecidos no PL 2.564\/2020, sendo 80% trabalhadores de n\u00edvel m\u00e9dio, a grande maioria t\u00e9cnicos de enfermagem.<\/p>\n","protected":false},"excerpt":{"rendered":"<p>O plen\u00e1rio do Senado aprovou nesta quinta-feira (2), em dois turnos, a Proposta de Emenda<\/p>\n","protected":false},"author":2,"featured_media":37351,"comment_status":"open","ping_status":"open","sticky":false,"template":"","format":"standard","meta":{"footnotes":""},"categories":[17],"tags":[],"class_list":["post-37350","post","type-post","status-publish","format-standard","has-post-thumbnail","hentry","category-outras-noticias"],"_links":{"self":[{"href":"https:\/\/tvc16.com\/portal\/wp-json\/wp\/v2\/posts\/37350","targetHints":{"allow":["GET"]}}],"collection":[{"href":"https:\/\/tvc16.com\/portal\/wp-json\/wp\/v2\/posts"}],"about":[{"href":"https:\/\/tvc16.com\/portal\/wp-json\/wp\/v2\/types\/post"}],"author":[{"embeddable":true,"href":"https:\/\/tvc16.com\/portal\/wp-json\/wp\/v2\/users\/2"}],"replies":[{"embeddable":true,"href":"https:\/\/tvc16.com\/portal\/wp-json\/wp\/v2\/comments?post=37350"}],"version-history":[{"count":1,"href":"https:\/\/tvc16.com\/portal\/wp-json\/wp\/v2\/posts\/37350\/revisions"}],"predecessor-version":[{"id":37352,"href":"https:\/\/tvc16.com\/portal\/wp-json\/wp\/v2\/posts\/37350\/revisions\/37352"}],"wp:featuredmedia":[{"embeddable":true,"href":"https:\/\/tvc16.com\/portal\/wp-json\/wp\/v2\/media\/37351"}],"wp:attachment":[{"href":"https:\/\/tvc16.com\/portal\/wp-json\/wp\/v2\/media?parent=37350"}],"wp:term":[{"taxonomy":"category","embeddable":true,"href":"https:\/\/tvc16.com\/portal\/wp-json\/wp\/v2\/categories?post=37350"},{"taxonomy":"post_tag","embeddable":true,"href":"https:\/\/tvc16.com\/portal\/wp-json\/wp\/v2\/tags?post=37350"}],"curies":[{"name":"wp","href":"https:\/\/api.w.org\/{rel}","templated":true}]}}