{"id":37358,"date":"2022-06-02T15:41:20","date_gmt":"2022-06-02T18:41:20","guid":{"rendered":"https:\/\/tvc16.com\/portal\/?p=37358"},"modified":"2022-06-02T15:41:24","modified_gmt":"2022-06-02T18:41:24","slug":"mdr-vai-repassar-mais-de-r-3-milhoes-a-dez-cidades-atingidas-por-desastres-naturais-petropolis-esta-entre-elas","status":"publish","type":"post","link":"https:\/\/tvc16.com\/portal\/2022\/06\/02\/mdr-vai-repassar-mais-de-r-3-milhoes-a-dez-cidades-atingidas-por-desastres-naturais-petropolis-esta-entre-elas\/","title":{"rendered":"MDR vai repassar mais de R$ 3 milh\u00f5es a dez cidades atingidas por desastres naturais: Petr\u00f3polis est\u00e1 entre elas"},"content":{"rendered":"\n<p>O Governo Federal, por meio do Minist\u00e9rio do Desenvolvimento Regional (MDR), autorizou o repasse de mais de R$ 3 milh\u00f5es a 10 munic\u00edpios brasileiros afetados por desastres naturais. As portarias com a libera\u00e7\u00e3o dos recursos foram publicadas na edi\u00e7\u00e3o desta quinta-feira (2) do Di\u00e1rio Oficial da Uni\u00e3o (DOU).<\/p>\n\n\n\n<p>Atingida por chuvas intensas, a cidade de\u00a0<a rel=\"noreferrer noopener\" href=\"https:\/\/in.gov.br\/web\/dou\/-\/portaria-n-1.771-de-1-de-junho-de-2022-404873300\" target=\"_blank\">Petr\u00f3polis<\/a>, no Rio de Janeiro, vai contar com mais R$ 660 mil do Governo Federal para recomposi\u00e7\u00e3o de via p\u00fablica. Com esse novo repasse, mais de R$ 2,8 milh\u00f5es j\u00e1 foram disponibilizados para a\u00e7\u00f5es de defesa civil no munic\u00edpio fluminense.<\/p>\n\n\n\n<p>Cinco cidades est\u00e3o em Alagoas e foram atingidas pelas fortes chuvas no litoral da Regi\u00e3o Nordeste. Ser\u00e3o repassados R$ 354,3 mil para\u00a0<a rel=\"noreferrer noopener\" href=\"https:\/\/in.gov.br\/web\/dou\/-\/portaria-n-1.763-de-1-de-junho-de-2022-404865062\" target=\"_blank\">Feliz Deserto<\/a>, R$ 146,2 mil para\u00a0<a rel=\"noreferrer noopener\" href=\"https:\/\/in.gov.br\/web\/dou\/-\/portaria-n-1.764-de-1-de-junho-de-2022-404873460\" target=\"_blank\">Passo de Camaragibe<\/a>, R$ 147,2 mil para\u00a0<a rel=\"noreferrer noopener\" href=\"https:\/\/in.gov.br\/web\/dou\/-\/portaria-n-1.765-de-1-de-junho-de-2022-404861369\" target=\"_blank\">Barra de S\u00e3o Miguel<\/a>, R$ 45,7 mil para\u00a0<a rel=\"noreferrer noopener\" href=\"https:\/\/in.gov.br\/web\/dou\/-\/portaria-n-1.768-de-1-de-junho-de-2022-404861289\" target=\"_blank\">Coit\u00e9 do N\u00f3ia<\/a>\u00a0e R$ 62,7 mil para\u00a0<a rel=\"noreferrer noopener\" href=\"https:\/\/in.gov.br\/web\/dou\/-\/portaria-n-1.770-de-1-de-junho-de-2022-404865142\" target=\"_blank\">Traipu<\/a>. Os recursos ser\u00e3o usados na compra de cestas de alimentos, kits de higiene pessoal, limpeza e dormit\u00f3rio, colch\u00f5es e combust\u00edvel.<\/p>\n\n\n\n<p>Com esses novos recursos, o MDR j\u00e1 autorizou a libera\u00e7\u00e3o de cerca de R$ 11,2 milh\u00f5es para munic\u00edpios alagoanos afetados pelas chuvas. Saiba mais&nbsp;<a href=\"http:\/\/www.gov.br\/mdr\/pt-br\/noticias\/governo-federal-libera-quase-r-10-5-milhoes-para-cidades-de-alagoas-atingidas-pelas-chuvas\" target=\"_blank\" rel=\"noreferrer noopener\">neste link<\/a>.<\/p>\n\n\n\n<p>Em Pernambuco, a cidade de\u00a0<a rel=\"noreferrer noopener\" href=\"https:\/\/in.gov.br\/web\/dou\/-\/portaria-n-1.772-de-1-de-junho-de-2022-404873540\" target=\"_blank\">Camaragibe\u00a0<\/a>vai contar com R$ 1,38 milh\u00e3o para a compra de cestas b\u00e1sicas, kits de dormit\u00f3rio, higiene pessoal e limpeza, colch\u00f5es, combust\u00edvel e aluguel de ve\u00edculos. Este \u00e9 o primeiro munic\u00edpio a receber recursos do MDR para a\u00e7\u00f5es de resposta \u00e0s fortes chuvas que atingiram o estado. Mais recursos devem ser liberados em breve, \u00e0 medida que as cidades concluam os planos de solicita\u00e7\u00e3o de repasses.<\/p>\n\n\n\n<p><strong>Estiagem<\/strong><\/p>\n\n\n\n<p>No Rio Grande do Sul, tr\u00eas cidades contar\u00e3o com recursos federais para a compra de cestas b\u00e1sicas para a popula\u00e7\u00e3o afetada pela estiagem. Ser\u00e3o R$ 67,1 mil para&nbsp;<a href=\"https:\/\/in.gov.br\/web\/dou\/-\/portaria-n-1.766-de-1-de-junho-de-2022-404864982\" target=\"_blank\" rel=\"noreferrer noopener\">S\u00e3o Jos\u00e9 das Miss\u00f5es<\/a>, R$ 204,6 mil para&nbsp;<a href=\"https:\/\/in.gov.br\/web\/dou\/-\/portaria-n-1.767-de-1-de-junho-de-2022-404861209\" target=\"_blank\" rel=\"noreferrer noopener\">Senador Salgado Filho<\/a>&nbsp;e R$ 25,5 mil para&nbsp;<a href=\"https:\/\/in.gov.br\/web\/dou\/-\/portaria-n-1.769-de-1-de-junho-de-2022-404861449\" target=\"_blank\" rel=\"noreferrer noopener\">Taquara<\/a>.<\/p>\n\n\n\n<p><strong>Como solicitar recursos federais<\/strong><\/p>\n\n\n\n<p>Ap\u00f3s a concess\u00e3o do status de situa\u00e7\u00e3o de emerg\u00eancia pela Defesa Civil Nacional, os munic\u00edpios atingidos por desastres est\u00e3o aptos a solicitar recursos do MDR para atendimento \u00e0 popula\u00e7\u00e3o afetada. As a\u00e7\u00f5es envolvem restabelecimento de servi\u00e7os essenciais e reconstru\u00e7\u00e3o de equipamentos de infraestrutura danificados.<\/p>\n\n\n\n<p>A solicita\u00e7\u00e3o deve ser feita por meio do&nbsp;<a href=\"http:\/\/s2id.mi.gov.br\/\" target=\"_blank\" rel=\"noreferrer noopener\">Sistema Integrado de Informa\u00e7\u00f5es sobre Desastres (S2iD)<\/a>. Com base nas informa\u00e7\u00f5es enviadas, a equipe t\u00e9cnica da Defesa Civil Nacional avalia as metas e os valores solicitados. Com a aprova\u00e7\u00e3o, \u00e9 publicada portaria no DOU com a especifica\u00e7\u00e3o do montante a ser liberado.<\/p>\n\n\n\n<p><strong>Capacita\u00e7\u00f5es da Defesa Civil Nacional<\/strong><\/p>\n\n\n\n<p>A Defesa Civil Nacional oferece uma s\u00e9rie de cursos \u00e0 dist\u00e2ncia para habilitar e qualificar agentes municipais e estaduais para o uso do S2iD, a partir do Plano de Capacita\u00e7\u00e3o Continuada em Prote\u00e7\u00e3o e Defesa Civil. As capacita\u00e7\u00f5es t\u00eam como foco os agentes de prote\u00e7\u00e3o e defesa civil nas tr\u00eas esferas de governo. Confira&nbsp;<a href=\"http:\/\/www.gov.br\/mdr\/pt-br\/assuntos\/protecao-e-defesa-civil\/capacitacoes\/cursos-em-andamento\" target=\"_blank\" rel=\"noreferrer noopener\">neste link<\/a>&nbsp;(Cursos em Andamento) a lista completa dos cursos de capacita\u00e7\u00e3o.<\/p>\n","protected":false},"excerpt":{"rendered":"<p>O Governo Federal, por meio do Minist\u00e9rio do Desenvolvimento Regional (MDR), autorizou o repasse de<\/p>\n","protected":false},"author":2,"featured_media":36280,"comment_status":"open","ping_status":"open","sticky":false,"template":"","format":"standard","meta":{"footnotes":""},"categories":[12],"tags":[],"class_list":["post-37358","post","type-post","status-publish","format-standard","has-post-thumbnail","hentry","category-cidade"],"_links":{"self":[{"href":"https:\/\/tvc16.com\/portal\/wp-json\/wp\/v2\/posts\/37358","targetHints":{"allow":["GET"]}}],"collection":[{"href":"https:\/\/tvc16.com\/portal\/wp-json\/wp\/v2\/posts"}],"about":[{"href":"https:\/\/tvc16.com\/portal\/wp-json\/wp\/v2\/types\/post"}],"author":[{"embeddable":true,"href":"https:\/\/tvc16.com\/portal\/wp-json\/wp\/v2\/users\/2"}],"replies":[{"embeddable":true,"href":"https:\/\/tvc16.com\/portal\/wp-json\/wp\/v2\/comments?post=37358"}],"version-history":[{"count":1,"href":"https:\/\/tvc16.com\/portal\/wp-json\/wp\/v2\/posts\/37358\/revisions"}],"predecessor-version":[{"id":37359,"href":"https:\/\/tvc16.com\/portal\/wp-json\/wp\/v2\/posts\/37358\/revisions\/37359"}],"wp:featuredmedia":[{"embeddable":true,"href":"https:\/\/tvc16.com\/portal\/wp-json\/wp\/v2\/media\/36280"}],"wp:attachment":[{"href":"https:\/\/tvc16.com\/portal\/wp-json\/wp\/v2\/media?parent=37358"}],"wp:term":[{"taxonomy":"category","embeddable":true,"href":"https:\/\/tvc16.com\/portal\/wp-json\/wp\/v2\/categories?post=37358"},{"taxonomy":"post_tag","embeddable":true,"href":"https:\/\/tvc16.com\/portal\/wp-json\/wp\/v2\/tags?post=37358"}],"curies":[{"name":"wp","href":"https:\/\/api.w.org\/{rel}","templated":true}]}}