{"id":3736,"date":"2020-10-24T00:01:04","date_gmt":"2020-10-24T00:01:04","guid":{"rendered":"https:\/\/tvc16.com\/portal\/?p=3736"},"modified":"2020-10-24T00:01:04","modified_gmt":"2020-10-24T00:01:04","slug":"acordo-entre-ministerio-da-agricultura-e-centro-de-telecomunicacoes-visa-levar-tecnologia-para-o-campo","status":"publish","type":"post","link":"https:\/\/tvc16.com\/portal\/2020\/10\/24\/acordo-entre-ministerio-da-agricultura-e-centro-de-telecomunicacoes-visa-levar-tecnologia-para-o-campo\/","title":{"rendered":"Acordo entre Minist\u00e9rio da Agricultura e Centro de Telecomunica\u00e7\u00f5es visa levar tecnologia para o campo"},"content":{"rendered":"\n<p>O objetivo \u00e9 favorecer pequenos e m\u00e9dios produtores rurais e segmentos economicamente mais vulner\u00e1veis, para torn\u00e1-los competitivos no mercado local, nacional e internacional<\/p>\n\n\n\n<p>O Minist\u00e9rio da Agricultura, Pecu\u00e1ria e Abastecimento (Mapa) e o Centro de Pesquisa e Desenvolvimento em Telecomunica\u00e7\u00f5es (CPQD) assinaram um <a href=\"https:\/\/www.gov.br\/agricultura\/pt-br\/assuntos\/noticias\/mapa-e-cpqd-assinam-acordo-de-cooperacao-voltado-a-difusao-da-inovacao-no-agronegocio-brasileiro\">acordo de coopera\u00e7\u00e3o t\u00e9cnica<\/a> destinado a promover o desenvolvimento de iniciativas que contribuam para o aumento e a dissemina\u00e7\u00e3o do uso de tecnologias digitais no agroneg\u00f3cio brasileiro.&nbsp;<\/p>\n\n\n\n<p>O objetivo \u00e9 favorecer especialmente, mas n\u00e3o exclusivamente, pequenos e m\u00e9dios produtores rurais e segmentos economicamente mais vulner\u00e1veis, propiciando ganhos de produtividade e de qualidade na produ\u00e7\u00e3o, de modo a torn\u00e1-los competitivos no mercado local, nacional e internacional.<\/p>\n\n\n\n<p>Para isso, o acordo prev\u00ea a constru\u00e7\u00e3o e valida\u00e7\u00e3o de arquiteturas, sistemas e modelos de sustenta\u00e7\u00e3o econ\u00f4mica capazes de viabilizar a transforma\u00e7\u00e3o digital no campo. O foco s\u00e3o as tecnologias, principalmente nas \u00e1reas de conectividade (4G e 5G), Internet das Coisas (IoT) e plataformas que permitem levar conhecimento e inova\u00e7\u00e3o ao agroneg\u00f3cio.&nbsp;<\/p>\n\n\n\n<p>Fonte: <a href=\"https:\/\/brasil61.com\/noticias\/acordo-entre-ministerio-da-agricultura-e-centro-de-telecomunicacoes-visa-levar-tecnologia-para-o-campo-bras202345?email=bethdeoliveira@yahoo.com.br&amp;utm_source=newsletter&amp;utm_medium=newsletter&amp;utm_campaign=newsletter\" target=\"_blank\" rel=\"noreferrer noopener\">Brasil 61<\/a><\/p>\n","protected":false},"excerpt":{"rendered":"<p>O objetivo \u00e9 favorecer pequenos e m\u00e9dios produtores rurais e segmentos economicamente mais vulner\u00e1veis, para<\/p>\n","protected":false},"author":2,"featured_media":3737,"comment_status":"open","ping_status":"open","sticky":false,"template":"","format":"standard","meta":{"footnotes":""},"categories":[16],"tags":[],"class_list":["post-3736","post","type-post","status-publish","format-standard","has-post-thumbnail","hentry","category-colunistas"],"_links":{"self":[{"href":"https:\/\/tvc16.com\/portal\/wp-json\/wp\/v2\/posts\/3736","targetHints":{"allow":["GET"]}}],"collection":[{"href":"https:\/\/tvc16.com\/portal\/wp-json\/wp\/v2\/posts"}],"about":[{"href":"https:\/\/tvc16.com\/portal\/wp-json\/wp\/v2\/types\/post"}],"author":[{"embeddable":true,"href":"https:\/\/tvc16.com\/portal\/wp-json\/wp\/v2\/users\/2"}],"replies":[{"embeddable":true,"href":"https:\/\/tvc16.com\/portal\/wp-json\/wp\/v2\/comments?post=3736"}],"version-history":[{"count":1,"href":"https:\/\/tvc16.com\/portal\/wp-json\/wp\/v2\/posts\/3736\/revisions"}],"predecessor-version":[{"id":3738,"href":"https:\/\/tvc16.com\/portal\/wp-json\/wp\/v2\/posts\/3736\/revisions\/3738"}],"wp:featuredmedia":[{"embeddable":true,"href":"https:\/\/tvc16.com\/portal\/wp-json\/wp\/v2\/media\/3737"}],"wp:attachment":[{"href":"https:\/\/tvc16.com\/portal\/wp-json\/wp\/v2\/media?parent=3736"}],"wp:term":[{"taxonomy":"category","embeddable":true,"href":"https:\/\/tvc16.com\/portal\/wp-json\/wp\/v2\/categories?post=3736"},{"taxonomy":"post_tag","embeddable":true,"href":"https:\/\/tvc16.com\/portal\/wp-json\/wp\/v2\/tags?post=3736"}],"curies":[{"name":"wp","href":"https:\/\/api.w.org\/{rel}","templated":true}]}}