{"id":37360,"date":"2022-06-02T15:43:28","date_gmt":"2022-06-02T18:43:28","guid":{"rendered":"https:\/\/tvc16.com\/portal\/?p=37360"},"modified":"2022-06-02T15:43:29","modified_gmt":"2022-06-02T18:43:29","slug":"policiais-penais-com-ajuda-do-disque-denuncia-prendem-foragido-da-justica-na-baixada-fluminense","status":"publish","type":"post","link":"https:\/\/tvc16.com\/portal\/2022\/06\/02\/policiais-penais-com-ajuda-do-disque-denuncia-prendem-foragido-da-justica-na-baixada-fluminense\/","title":{"rendered":"Policiais Penais com ajuda do Disque den\u00fancia prendem foragido da justi\u00e7a na Baixada Fluminense"},"content":{"rendered":"\n<p>Policiais Penais da Divis\u00e3o de Busca e Recaptura (RECAP), da Secretaria de estado de Administra\u00e7\u00e3o Penitenci\u00e1ria (SEAP), ap\u00f3s informa\u00e7\u00f5es repassadas pelo Disque Den\u00fancia, estiveram hoje (02) na comunidade Buraco do Boi, no bairro de Amba\u00ed, em Nova Igua\u00e7u, e conseguiram localizar e prender Rafael Ferreira Dias.<\/p>\n\n\n\n<p>De acordo com a pol\u00edcia, o foragido estava evadido do sistema penitenci\u00e1rio, desde dezembro de 2021, ap\u00f3s receber o benef\u00edcio do indulto de natal. Contra ele, um mandado de pris\u00e3o, pendente de cumprimento, expedido pelo Ju\u00edzo da Vara de Execu\u00e7\u00f5es Penais do Estado do Rio de Janeiro &#8211; VEP. Condenado a nove anos e oito meses de pris\u00e3o, pela pr\u00e1tica dos crimes de Tr\u00e1fico Il\u00edcito de Drogas e Associa\u00e7\u00e3o para o Tr\u00e1fico, Rafael ainda tem anota\u00e7\u00f5es criminais por porte ilegal de arma de fogo e corrup\u00e7\u00e3o de menores.&nbsp;<\/p>\n\n\n\n<p>Ap\u00f3s receber voz de pris\u00e3o, sem oferecer resist\u00eancia, ele foi conduzido at\u00e9 a 58\u00aa DP \u2013 Nova Igua\u00e7u, onde o caso foi registrado. Em seguida, foi encaminhado ao sistema penitenci\u00e1rio para o cumprimento da pena imposta pela Justi\u00e7a.<\/p>\n","protected":false},"excerpt":{"rendered":"<p>Policiais Penais da Divis\u00e3o de Busca e Recaptura (RECAP), da Secretaria de estado de Administra\u00e7\u00e3o<\/p>\n","protected":false},"author":2,"featured_media":37361,"comment_status":"open","ping_status":"open","sticky":false,"template":"","format":"standard","meta":{"footnotes":""},"categories":[17],"tags":[],"class_list":["post-37360","post","type-post","status-publish","format-standard","has-post-thumbnail","hentry","category-outras-noticias"],"_links":{"self":[{"href":"https:\/\/tvc16.com\/portal\/wp-json\/wp\/v2\/posts\/37360","targetHints":{"allow":["GET"]}}],"collection":[{"href":"https:\/\/tvc16.com\/portal\/wp-json\/wp\/v2\/posts"}],"about":[{"href":"https:\/\/tvc16.com\/portal\/wp-json\/wp\/v2\/types\/post"}],"author":[{"embeddable":true,"href":"https:\/\/tvc16.com\/portal\/wp-json\/wp\/v2\/users\/2"}],"replies":[{"embeddable":true,"href":"https:\/\/tvc16.com\/portal\/wp-json\/wp\/v2\/comments?post=37360"}],"version-history":[{"count":1,"href":"https:\/\/tvc16.com\/portal\/wp-json\/wp\/v2\/posts\/37360\/revisions"}],"predecessor-version":[{"id":37362,"href":"https:\/\/tvc16.com\/portal\/wp-json\/wp\/v2\/posts\/37360\/revisions\/37362"}],"wp:featuredmedia":[{"embeddable":true,"href":"https:\/\/tvc16.com\/portal\/wp-json\/wp\/v2\/media\/37361"}],"wp:attachment":[{"href":"https:\/\/tvc16.com\/portal\/wp-json\/wp\/v2\/media?parent=37360"}],"wp:term":[{"taxonomy":"category","embeddable":true,"href":"https:\/\/tvc16.com\/portal\/wp-json\/wp\/v2\/categories?post=37360"},{"taxonomy":"post_tag","embeddable":true,"href":"https:\/\/tvc16.com\/portal\/wp-json\/wp\/v2\/tags?post=37360"}],"curies":[{"name":"wp","href":"https:\/\/api.w.org\/{rel}","templated":true}]}}