{"id":3739,"date":"2020-10-24T00:03:35","date_gmt":"2020-10-24T00:03:35","guid":{"rendered":"https:\/\/tvc16.com\/portal\/?p=3739"},"modified":"2020-10-24T00:03:35","modified_gmt":"2020-10-24T00:03:35","slug":"pagamento-de-beneficios-nao-serao-suspensos-por-falta-de-reabilitacao-profissional","status":"publish","type":"post","link":"https:\/\/tvc16.com\/portal\/2020\/10\/24\/pagamento-de-beneficios-nao-serao-suspensos-por-falta-de-reabilitacao-profissional\/","title":{"rendered":"Pagamento de benef\u00edcios n\u00e3o ser\u00e3o suspensos por falta de reabilita\u00e7\u00e3o profissional"},"content":{"rendered":"\n<p>Os benefici\u00e1rios do INSS que ficarem impossibilitados de participar do Programa de Reabilita\u00e7\u00e3o Profissional n\u00e3o ter\u00e3o seus pagamentos suspensos nos meses de novembro e dezembro. A decis\u00e3o publicada em portaria no Di\u00e1rio Oficial da Uni\u00e3o visa as medidas de enfrentamento da pandemia da Covid-19.<\/p>\n\n\n\n<p><a href=\"https:\/\/brasil61.com\/noticias\/mobilizacao-pelo-emprego-e-produtividade-promete-facilitar-a-vida-de-empreendedores-sebr200013\"><strong>Mobiliza\u00e7\u00e3o pelo Emprego e Produtividade promete facilitar a vida de empreendedores<\/strong><\/a><\/p>\n\n\n\n<p><a href=\"https:\/\/brasil61.com\/noticias\/comprovacao-de-vida-para-o-inss-esta-suspensa-ate-novembro-bras202251\"><strong>Comprova\u00e7\u00e3o de vida para o INSS est\u00e1 suspensa at\u00e9 novembro<\/strong><\/a><\/p>\n\n\n\n<p>A reabilita\u00e7\u00e3o profissional \u00e9 obrigat\u00f3ria e visa proporcionar meios indicados para reingresso no mercado de trabalho ao benefici\u00e1rio incapacitado, parcial ou totalmente, para trabalhar.<\/p>\n\n\n\n<p>Fonte: <a href=\"https:\/\/brasil61.com\/noticias\/pagamento-de-beneficios-nao-serao-suspensos-por-falta-de-reabilitacao-profissional-bras202335?email=bethdeoliveira@yahoo.com.br&amp;utm_source=newsletter&amp;utm_medium=newsletter&amp;utm_campaign=newsletter\" target=\"_blank\" rel=\"noreferrer noopener\">Brasil 61<\/a><\/p>\n","protected":false},"excerpt":{"rendered":"<p>Os benefici\u00e1rios do INSS que ficarem impossibilitados de participar do Programa de Reabilita\u00e7\u00e3o Profissional n\u00e3o<\/p>\n","protected":false},"author":2,"featured_media":3740,"comment_status":"open","ping_status":"open","sticky":false,"template":"","format":"standard","meta":{"footnotes":""},"categories":[14],"tags":[],"class_list":["post-3739","post","type-post","status-publish","format-standard","has-post-thumbnail","hentry","category-pais"],"_links":{"self":[{"href":"https:\/\/tvc16.com\/portal\/wp-json\/wp\/v2\/posts\/3739","targetHints":{"allow":["GET"]}}],"collection":[{"href":"https:\/\/tvc16.com\/portal\/wp-json\/wp\/v2\/posts"}],"about":[{"href":"https:\/\/tvc16.com\/portal\/wp-json\/wp\/v2\/types\/post"}],"author":[{"embeddable":true,"href":"https:\/\/tvc16.com\/portal\/wp-json\/wp\/v2\/users\/2"}],"replies":[{"embeddable":true,"href":"https:\/\/tvc16.com\/portal\/wp-json\/wp\/v2\/comments?post=3739"}],"version-history":[{"count":1,"href":"https:\/\/tvc16.com\/portal\/wp-json\/wp\/v2\/posts\/3739\/revisions"}],"predecessor-version":[{"id":3741,"href":"https:\/\/tvc16.com\/portal\/wp-json\/wp\/v2\/posts\/3739\/revisions\/3741"}],"wp:featuredmedia":[{"embeddable":true,"href":"https:\/\/tvc16.com\/portal\/wp-json\/wp\/v2\/media\/3740"}],"wp:attachment":[{"href":"https:\/\/tvc16.com\/portal\/wp-json\/wp\/v2\/media?parent=3739"}],"wp:term":[{"taxonomy":"category","embeddable":true,"href":"https:\/\/tvc16.com\/portal\/wp-json\/wp\/v2\/categories?post=3739"},{"taxonomy":"post_tag","embeddable":true,"href":"https:\/\/tvc16.com\/portal\/wp-json\/wp\/v2\/tags?post=3739"}],"curies":[{"name":"wp","href":"https:\/\/api.w.org\/{rel}","templated":true}]}}