{"id":37412,"date":"2022-06-03T11:49:14","date_gmt":"2022-06-03T14:49:14","guid":{"rendered":"https:\/\/tvc16.com\/portal\/?p=37412"},"modified":"2022-06-03T11:49:15","modified_gmt":"2022-06-03T14:49:15","slug":"governo-autoriza-a-nomeacao-de-mais-52-policiais-rodoviarios-federais","status":"publish","type":"post","link":"https:\/\/tvc16.com\/portal\/2022\/06\/03\/governo-autoriza-a-nomeacao-de-mais-52-policiais-rodoviarios-federais\/","title":{"rendered":"Governo autoriza a nomea\u00e7\u00e3o de mais 52 policiais rodovi\u00e1rios federais"},"content":{"rendered":"\n<h3 class=\"wp-block-heading\">Em maio autoriza\u00e7\u00e3o foi concedida a outros 625 concursados<\/h3>\n\n\n\n<h4 class=\"wp-block-heading\">Por Pedro Peduzzi &#8211; Rep\u00f3rter da Ag\u00eancia Brasil &#8211; Bras\u00edlia<\/h4>\n\n\n\n<p><a href=\"https:\/\/in.gov.br\/en\/web\/dou\/-\/portaria-sedgg\/me-n-4.966-de-1-de-junho-de-2022-405209439\" target=\"_blank\" rel=\"noreferrer noopener\">Portaria publicada pelo Minist\u00e9rio da Economia<\/a>&nbsp;autoriza a nomea\u00e7\u00e3o de 52 candidatos aprovados no concurso da Pol\u00edcia Rodovi\u00e1ria Federal (PF) realizado em 2021, com previs\u00e3o de abrir 1,5 mil vagas.<img decoding=\"async\" src=\"https:\/\/agenciabrasil.ebc.com.br\/ebc.png?id=1463559&amp;o=node\"><img decoding=\"async\" src=\"https:\/\/agenciabrasil.ebc.com.br\/ebc.gif?id=1463559&amp;o=node\"><\/p>\n\n\n\n<p><a href=\"https:\/\/agenciabrasil.ebc.com.br\/geral\/noticia\/2022-05\/governo-autoriza-contratacao-de-candidatos-aprovados-para-pf-e-prf\" target=\"_blank\" rel=\"noreferrer noopener\">No dia 26 de maio, um outro decreto autorizou a nomea\u00e7\u00e3o de 625 candidatos<\/a>&nbsp;do mesmo concurso. Em outro decreto, autorizou a nomea\u00e7\u00e3o do mesmo quantitativo, mas para a Pol\u00edcia Federal.<\/p>\n\n\n\n<p>De acordo com a portaria, o provimento do cargo de policial rodovi\u00e1rio federal est\u00e1 condicionado \u201c\u00e0 exist\u00eancia de vagas na data da nomea\u00e7\u00e3o\u201d e \u00e0 \u201cdeclara\u00e7\u00e3o do respectivo ordenador de despesa sobre a adequa\u00e7\u00e3o or\u00e7ament\u00e1ria e financeira das novas despesas com a Lei Or\u00e7ament\u00e1ria Anual\u201d, bem como de sua \u201ccompatibilidade com a Lei de Diretrizes Or\u00e7ament\u00e1rias, demonstrando a origem dos recursos a serem utilizados\u201d.<\/p>\n\n\n\n<p>Ainda segundo a portaria, a responsabilidade pela verifica\u00e7\u00e3o pr\u00e9via das condi\u00e7\u00f5es para a nomea\u00e7\u00e3o dos candidatos \u00e9 do Minist\u00e9rio da Justi\u00e7a e Seguran\u00e7a P\u00fablica, \u201cao qual caber\u00e1 editar as respectivas normas, mediante a publica\u00e7\u00e3o de editais, portarias ou outros atos administrativos necess\u00e1rios\u201d.<\/p>\n\n\n\n<p>Edi\u00e7\u00e3o: Fernando Fraga<\/p>\n","protected":false},"excerpt":{"rendered":"<p>Em maio autoriza\u00e7\u00e3o foi concedida a outros 625 concursados Por Pedro Peduzzi &#8211; Rep\u00f3rter da<\/p>\n","protected":false},"author":2,"featured_media":37413,"comment_status":"open","ping_status":"open","sticky":false,"template":"","format":"standard","meta":{"footnotes":""},"categories":[17],"tags":[],"class_list":["post-37412","post","type-post","status-publish","format-standard","has-post-thumbnail","hentry","category-outras-noticias"],"_links":{"self":[{"href":"https:\/\/tvc16.com\/portal\/wp-json\/wp\/v2\/posts\/37412","targetHints":{"allow":["GET"]}}],"collection":[{"href":"https:\/\/tvc16.com\/portal\/wp-json\/wp\/v2\/posts"}],"about":[{"href":"https:\/\/tvc16.com\/portal\/wp-json\/wp\/v2\/types\/post"}],"author":[{"embeddable":true,"href":"https:\/\/tvc16.com\/portal\/wp-json\/wp\/v2\/users\/2"}],"replies":[{"embeddable":true,"href":"https:\/\/tvc16.com\/portal\/wp-json\/wp\/v2\/comments?post=37412"}],"version-history":[{"count":1,"href":"https:\/\/tvc16.com\/portal\/wp-json\/wp\/v2\/posts\/37412\/revisions"}],"predecessor-version":[{"id":37414,"href":"https:\/\/tvc16.com\/portal\/wp-json\/wp\/v2\/posts\/37412\/revisions\/37414"}],"wp:featuredmedia":[{"embeddable":true,"href":"https:\/\/tvc16.com\/portal\/wp-json\/wp\/v2\/media\/37413"}],"wp:attachment":[{"href":"https:\/\/tvc16.com\/portal\/wp-json\/wp\/v2\/media?parent=37412"}],"wp:term":[{"taxonomy":"category","embeddable":true,"href":"https:\/\/tvc16.com\/portal\/wp-json\/wp\/v2\/categories?post=37412"},{"taxonomy":"post_tag","embeddable":true,"href":"https:\/\/tvc16.com\/portal\/wp-json\/wp\/v2\/tags?post=37412"}],"curies":[{"name":"wp","href":"https:\/\/api.w.org\/{rel}","templated":true}]}}