{"id":37415,"date":"2022-06-03T11:50:26","date_gmt":"2022-06-03T14:50:26","guid":{"rendered":"https:\/\/tvc16.com\/portal\/?p=37415"},"modified":"2022-06-03T11:50:27","modified_gmt":"2022-06-03T14:50:27","slug":"prorrogada-campanha-nacional-de-vacinacao-contra-gripe-e-sarampo","status":"publish","type":"post","link":"https:\/\/tvc16.com\/portal\/2022\/06\/03\/prorrogada-campanha-nacional-de-vacinacao-contra-gripe-e-sarampo\/","title":{"rendered":"Prorrogada Campanha Nacional de Vacina\u00e7\u00e3o contra gripe e sarampo"},"content":{"rendered":"\n<h3 class=\"wp-block-heading\">Aplica\u00e7\u00e3o para grupos priorit\u00e1rios vai at\u00e9 o dia 24 de junho<\/h3>\n\n\n\n<h4 class=\"wp-block-heading\">Por Akemi Nitahara \u2013 Rep\u00f3rter da Ag\u00eancia Brasil &#8211; Rio de Janeiro<\/h4>\n\n\n\n<p>O Minist\u00e9rio da Sa\u00fade prorrogou at\u00e9 o dia 24 de junho a Campanha Nacional de Vacina\u00e7\u00e3o contra Gripe e Sarampo para os grupos priorit\u00e1rios, com o objetivo de aumentar as coberturas vacinais para as duas doen\u00e7as.<img decoding=\"async\" src=\"https:\/\/agenciabrasil.ebc.com.br\/ebc.png?id=1463564&amp;o=node\"><img decoding=\"async\" src=\"https:\/\/agenciabrasil.ebc.com.br\/ebc.gif?id=1463564&amp;o=node\"><\/p>\n\n\n\n<p>De acordo com a pasta, a partir do dia 25 de junho os estados e munic\u00edpios poder\u00e3o ampliar a vacina\u00e7\u00e3o contra a gripe para toda a popula\u00e7\u00e3o a partir de 6 meses de idade, enquanto tiverem doses dispon\u00edveis. J\u00e1 foram distribu\u00eddas cerca de 80 milh\u00f5es de doses para todo pa\u00eds.<\/p>\n\n\n\n<p>Os grupos priorit\u00e1rios para a vacina\u00e7\u00e3o da Influenza s\u00e3o os idosos acima de 60 anos de idade; trabalhadores da sa\u00fade; crian\u00e7as de 6 meses a 5 anos incompletos; gestantes e pu\u00e9rperas; povos ind\u00edgenas; professores; pessoas com comorbidades ou com defici\u00eancia permanente; integrantes das for\u00e7as de seguran\u00e7a, de salvamento e For\u00e7as Armadas; caminhoneiros e trabalhadores de transporte coletivo rodovi\u00e1rio de passageiros urbano e de longo curso; trabalhadores portu\u00e1rios; funcion\u00e1rios do sistema prisional; popula\u00e7\u00e3o privada de liberdade e adolescentes cumprindo medidas socioeducativas.<\/p>\n\n\n\n<p>Os grupos priorit\u00e1rios somam quase 80 milh\u00f5es de brasileiros e, at\u00e9 o momento, a cobertura vacinal chegou a 44% desse p\u00fablico.<\/p>\n\n\n\n<h2 class=\"wp-block-heading\">Sarampo<\/h2>\n\n\n\n<p>O Minist\u00e9rio da Sa\u00fade ressalta que a imuniza\u00e7\u00e3o contra o sarampo faz parte do Calend\u00e1rio Nacional de Vacina\u00e7\u00e3o e as doses ficam dispon\u00edveis durante todo o ano. \u00c9 utilizada a vacina tr\u00edplice viral, que tamb\u00e9m previne contra a caxumba e a rub\u00e9ola.<\/p>\n\n\n\n<p>Pelo Calend\u00e1rio Nacional de Vacina\u00e7\u00e3o, a vacina deve ser aplicada nos beb\u00eas ao completarem 1 ano de idade e refor\u00e7o entre 4 e 6 anos de idade. Tamb\u00e9m se recomenda a aplica\u00e7\u00e3o de uma dose entre os 30 anos e 50 anos de idade, em pessoas n\u00e3o vacinadas na inf\u00e2ncia ou juventude.<\/p>\n\n\n\n<p>A campanha de vacina\u00e7\u00e3o come\u00e7ou no dia 4 de abril e podem se vacinar os trabalhadores da sa\u00fade e as crian\u00e7as de 6 meses a menores de 5 anos de idade.<\/p>\n\n\n\n<p>O Brasil perdeu o selo de erradica\u00e7\u00e3o de sarampo em 2019, por causa da&nbsp;<a href=\"https:\/\/agenciabrasil.ebc.com.br\/saude\/noticia\/2022-05\/duas-em-cada-tres-mortes-de-bebes-poderiam-ser-evitadas-no-brasil\" target=\"_blank\" rel=\"noreferrer noopener\">queda na cobertura vacinal<\/a>. Segundo dados do N\u00facleo de Informa\u00e7\u00e3o, Pol\u00edticas P\u00fablicas e Inclus\u00e3o (Nippis), em tr\u00eas anos foram registrados 26 \u00f3bitos de crian\u00e7as abaixo de 5 anos de idade e mais de 1,6 mil interna\u00e7\u00f5es por sarampo no pa\u00eds, n\u00famero que n\u00e3o era alcan\u00e7ado desde o in\u00edcio dos anos 2000.<\/p>\n\n\n\n<h2 class=\"wp-block-heading\">Rio de Janeiro<\/h2>\n\n\n\n<p>Na cidade do Rio de Janeiro, a Secretaria Municipal de Sa\u00fade come\u00e7a amanh\u00e3 (4) a aplicar a vacina contra a gripe em todas as pessoas a partir dos 6 meses de idade.<\/p>\n\n\n\n<p>Edi\u00e7\u00e3o: Fernando Fraga<\/p>\n","protected":false},"excerpt":{"rendered":"<p>Aplica\u00e7\u00e3o para grupos priorit\u00e1rios vai at\u00e9 o dia 24 de junho Por Akemi Nitahara \u2013<\/p>\n","protected":false},"author":2,"featured_media":37416,"comment_status":"open","ping_status":"open","sticky":false,"template":"","format":"standard","meta":{"footnotes":""},"categories":[17],"tags":[],"class_list":["post-37415","post","type-post","status-publish","format-standard","has-post-thumbnail","hentry","category-outras-noticias"],"_links":{"self":[{"href":"https:\/\/tvc16.com\/portal\/wp-json\/wp\/v2\/posts\/37415","targetHints":{"allow":["GET"]}}],"collection":[{"href":"https:\/\/tvc16.com\/portal\/wp-json\/wp\/v2\/posts"}],"about":[{"href":"https:\/\/tvc16.com\/portal\/wp-json\/wp\/v2\/types\/post"}],"author":[{"embeddable":true,"href":"https:\/\/tvc16.com\/portal\/wp-json\/wp\/v2\/users\/2"}],"replies":[{"embeddable":true,"href":"https:\/\/tvc16.com\/portal\/wp-json\/wp\/v2\/comments?post=37415"}],"version-history":[{"count":1,"href":"https:\/\/tvc16.com\/portal\/wp-json\/wp\/v2\/posts\/37415\/revisions"}],"predecessor-version":[{"id":37417,"href":"https:\/\/tvc16.com\/portal\/wp-json\/wp\/v2\/posts\/37415\/revisions\/37417"}],"wp:featuredmedia":[{"embeddable":true,"href":"https:\/\/tvc16.com\/portal\/wp-json\/wp\/v2\/media\/37416"}],"wp:attachment":[{"href":"https:\/\/tvc16.com\/portal\/wp-json\/wp\/v2\/media?parent=37415"}],"wp:term":[{"taxonomy":"category","embeddable":true,"href":"https:\/\/tvc16.com\/portal\/wp-json\/wp\/v2\/categories?post=37415"},{"taxonomy":"post_tag","embeddable":true,"href":"https:\/\/tvc16.com\/portal\/wp-json\/wp\/v2\/tags?post=37415"}],"curies":[{"name":"wp","href":"https:\/\/api.w.org\/{rel}","templated":true}]}}