{"id":37418,"date":"2022-06-03T12:27:06","date_gmt":"2022-06-03T15:27:06","guid":{"rendered":"https:\/\/tvc16.com\/portal\/?p=37418"},"modified":"2022-06-03T12:27:07","modified_gmt":"2022-06-03T15:27:07","slug":"resgate-de-verbas-tributarias-pode-auxiliar-financeiramente-empresarios-petropolitanos","status":"publish","type":"post","link":"https:\/\/tvc16.com\/portal\/2022\/06\/03\/resgate-de-verbas-tributarias-pode-auxiliar-financeiramente-empresarios-petropolitanos\/","title":{"rendered":"<strong>Resgate de verbas tribut\u00e1rias pode auxiliar financeiramente empres\u00e1rios petropolitanos&nbsp;<\/strong>"},"content":{"rendered":"\n<p>Sicom\u00e9rcio promove encontro entre empresa especializada em resgates tribut\u00e1rios e s\u00f3cios do sindicato<\/p>\n\n\n\n<p>A auditoria de dados fiscais para um poss\u00edvel resgate de verbas referentes a tributos pagos indevidamente pelas empresas pode auxiliar os empres\u00e1rios que est\u00e3o registrando impacto financeiro, principalmente neste per\u00edodo p\u00f3s pandemia e, em especial, ap\u00f3s a trag\u00e9dia das chuvas de fevereiro e mar\u00e7o de 2022. Pensando em auxiliar os petropolitanos, o Sicom\u00e9rcio &#8211; Sindicato do Com\u00e9rcio Varejista &#8211; vai promover, no dia 10 de junho, das 9h \u00e0s 12h, no audit\u00f3rio do sindicato, um encontro entre uma empresa especializada nesse tipo de a\u00e7\u00e3o e empres\u00e1rios petropolitanos. Para participar \u00e9 necess\u00e1rio fazer o cadastro em: <a href=\"https:\/\/forms.gle\/WWQSwdyEmfxZDcNu5\" target=\"_blank\" rel=\"noreferrer noopener\">https:\/\/forms.gle\/WWQSwdyEmfxZDcNu5<\/a><\/p>\n\n\n\n<p>O evento contar\u00e1 com a participa\u00e7\u00e3o da Re$gatare, empresa de Engenharia de Resgates Tribut\u00e1rios que possui a tecnologia de informa\u00e7\u00e3o para a an\u00e1lise e auditoria dos dados fiscais mais avan\u00e7ada do mercado.&nbsp;<\/p>\n\n\n\n<p>&#8220;\u00c9 preciso que esse tipo de informa\u00e7\u00e3o chegue at\u00e9 os empres\u00e1rios. Muitos n\u00e3o t\u00eam ideia de que existe essa possibilidade de resgate tribut\u00e1rio e, consequentemente, abatimento de d\u00edvidas. O Sicom\u00e9rcio continuar\u00e1 fortalecendo essas a\u00e7\u00f5es para auxiliar os empres\u00e1rios e refor\u00e7ar a recupera\u00e7\u00e3o econ\u00f4mica&#8221;, afirmou o presidente do Sicom\u00e9rcio, Marcelo Fiorini.<\/p>\n\n\n\n<p>O CEO da empresa, Ruben Lopes e o diretor da Regional Serrana, Claudio Martins, explicam que as empresas em geral n\u00e3o sabem que possuem um grande montante de capital nas m\u00e3os do governo.<\/p>\n\n\n\n<p>&#8220;Verbas referente a tributos pagos indevidamente pelas empresas e os quais, por direito, pertencem a estas&#8221;, confirmam.<\/p>\n\n\n\n<p>A partir de um levantamento espec\u00edfico, \u00e9 poss\u00edvel resgatar cr\u00e9ditos tribut\u00e1rios em diferentes n\u00edveis (federais, previdenci\u00e1rios, estaduais e espec\u00edficos), levando em considera\u00e7\u00e3o encargos indevidos, altera\u00e7\u00f5es ocorridas na legisla\u00e7\u00e3o e erros na emiss\u00e3o de guias. Todos os resgates ocorrem mediante procedimentos administrativos (considerando mat\u00e9rias transitadas em julgado). A empresa n\u00e3o utiliza processos judiciais.<\/p>\n\n\n\n<p>O encontro ser\u00e1 realizado no audit\u00f3rio do Sicom\u00e9rcio, das 9h \u00e0s 12h.<\/p>\n\n\n\n<p>Vale destacar que, durante o encontro ser\u00e1 apresentado, ainda, o programa que d\u00e1 a possibilidade de quita\u00e7\u00e3o de d\u00e9bitos fiscais por empresas (e pessoas f\u00edsicas) em D\u00edvida Ativa at\u00e9 30 de junho.<\/p>\n\n\n\n<p><strong>Participa\u00e7\u00f5es especiais<\/strong><\/p>\n\n\n\n<p>Gestores do Restaurante Majorica, Angela Brum e da Afife Ind. e Com. T\u00eaxtil, Gisana Lopes participar\u00e3o do evento com depoimentos sobre seus respectivos cases de sucesso de resgates atrav\u00e9s dos servi\u00e7os da Re$gatare.<\/p>\n\n\n\n<p>Servi\u00e7o:<\/p>\n\n\n\n<p>Data: 10\/06<\/p>\n\n\n\n<p>Hor\u00e1rio: 9h \u00e0s 12h<\/p>\n\n\n\n<p>Local: Sicom\u00e9rcio (Rua Irm\u00e3os D\u2019angelo, 48)<\/p>\n\n\n\n<p>Cadastro: <a href=\"https:\/\/forms.gle\/WWQSwdyEmfxZDcNu5\" target=\"_blank\" rel=\"noreferrer noopener\">https:\/\/forms.gle\/WWQSwdyEmfxZDcNu5<\/a><\/p>\n","protected":false},"excerpt":{"rendered":"<p>Sicom\u00e9rcio promove encontro entre empresa especializada em resgates tribut\u00e1rios e s\u00f3cios do sindicato A auditoria<\/p>\n","protected":false},"author":2,"featured_media":34160,"comment_status":"open","ping_status":"open","sticky":false,"template":"","format":"standard","meta":{"footnotes":""},"categories":[12],"tags":[],"class_list":["post-37418","post","type-post","status-publish","format-standard","has-post-thumbnail","hentry","category-cidade"],"_links":{"self":[{"href":"https:\/\/tvc16.com\/portal\/wp-json\/wp\/v2\/posts\/37418","targetHints":{"allow":["GET"]}}],"collection":[{"href":"https:\/\/tvc16.com\/portal\/wp-json\/wp\/v2\/posts"}],"about":[{"href":"https:\/\/tvc16.com\/portal\/wp-json\/wp\/v2\/types\/post"}],"author":[{"embeddable":true,"href":"https:\/\/tvc16.com\/portal\/wp-json\/wp\/v2\/users\/2"}],"replies":[{"embeddable":true,"href":"https:\/\/tvc16.com\/portal\/wp-json\/wp\/v2\/comments?post=37418"}],"version-history":[{"count":1,"href":"https:\/\/tvc16.com\/portal\/wp-json\/wp\/v2\/posts\/37418\/revisions"}],"predecessor-version":[{"id":37419,"href":"https:\/\/tvc16.com\/portal\/wp-json\/wp\/v2\/posts\/37418\/revisions\/37419"}],"wp:featuredmedia":[{"embeddable":true,"href":"https:\/\/tvc16.com\/portal\/wp-json\/wp\/v2\/media\/34160"}],"wp:attachment":[{"href":"https:\/\/tvc16.com\/portal\/wp-json\/wp\/v2\/media?parent=37418"}],"wp:term":[{"taxonomy":"category","embeddable":true,"href":"https:\/\/tvc16.com\/portal\/wp-json\/wp\/v2\/categories?post=37418"},{"taxonomy":"post_tag","embeddable":true,"href":"https:\/\/tvc16.com\/portal\/wp-json\/wp\/v2\/tags?post=37418"}],"curies":[{"name":"wp","href":"https:\/\/api.w.org\/{rel}","templated":true}]}}