{"id":37420,"date":"2022-06-03T12:29:05","date_gmt":"2022-06-03T15:29:05","guid":{"rendered":"https:\/\/tvc16.com\/portal\/?p=37420"},"modified":"2022-06-03T12:37:25","modified_gmt":"2022-06-03T15:37:25","slug":"prefeitura-de-teresopolis-inicia-testes-gratuitos-para-implantacao-do-vaga-certa-rotativo-na-feirinha-neste-final-de-semana","status":"publish","type":"post","link":"https:\/\/tvc16.com\/portal\/2022\/06\/03\/prefeitura-de-teresopolis-inicia-testes-gratuitos-para-implantacao-do-vaga-certa-rotativo-na-feirinha-neste-final-de-semana\/","title":{"rendered":"Prefeitura de Teres\u00f3polis inicia testes gratuitos para implanta\u00e7\u00e3o do \u2018Vaga Certa Rotativo\u2019 na Feirinha neste final de semana"},"content":{"rendered":"\n<p>No pr\u00f3ximo final de semana, dias 4 e 5 de junho, a Prefeitura de Teres\u00f3polis vai iniciar os testes gratuitos para a implanta\u00e7\u00e3o do \u2018Vaga Certa Rotativo \u2013 Feirinha \u2013 Zona Tur\u00edstica\u2019. Os motoristas que estacionarem no entorno da Pra\u00e7a Higino da Silveira, onde funciona a Feirinha do Alto, ser\u00e3o orientados pelos monitores do \u2018Vaga Certa\u2019 a utilizarem o sistema de parqu\u00edmetro que est\u00e1 sendo instalado no local. N\u00e3o haver\u00e1 cobran\u00e7a pelo uso das vagas demarcadas nestes dias. O sistema vai operar s\u00e1bados, domingos, feriados e dias \u00fateis em que funcione a Feirinha, das 8h30 \u00e0s 18h30.<\/p>\n\n\n\n<p>A cobran\u00e7a j\u00e1 existente no entorno da Feirinha do Alto, atrav\u00e9s do \u2018Vaga Certa\u2019 per\u00edodo \u00fanico vai passar a ser rotativo, o que traz diversos benef\u00edcios para os usu\u00e1rios do sistema, tais como, mais vagas dispon\u00edveis, maior rotatividade comercial, toler\u00e2ncia de 15 minutos para todas as vagas, pagamento fracionado, no valor de R$ 2 a cada 30 minutos, e com diversos meios de pagamento (aplicativo Digipare, cart\u00f5es de d\u00e9bito ou cr\u00e9dito, PIX ou em dinheiro nos estabelecimentos comerciais credenciados). Haver\u00e1 tamb\u00e9m uma Central de Atendimento aos usu\u00e1rios por telefone (0800 876 543) e presencial, no Coreto da Pra\u00e7a Higino da Silveira.<\/p>\n\n\n\n<p>A Prefeitura destaca que o sistema de opera\u00e7\u00e3o na Feirinha do Alto ser\u00e1 nos moldes do Novo Promaj Rotativo, entretanto, os monitores que v\u00e3o atuar no local s\u00e3o contratados pelo munic\u00edpio por meio do \u2018Vaga Certa\u2019, visto que o Novo Promaj n\u00e3o inclui o trabalho dos jovens aos finais de semana e feriados. Al\u00e9m disso, o \u2018Vaga Certa\u2019 \u00e9 um importante projeto municipal que atende pessoas em vulnerabilidade social. Os valores arrecadados com a cobran\u00e7a do estacionamento continuam sendo repassados para a Feirinha, de acordo com a Lei Complementar 292\/2021, como anteriormente, para manuten\u00e7\u00e3o do projeto.<br><br>A Prefeitura pontua ainda que um expositor por estande ter\u00e1 isen\u00e7\u00e3o no pagamento do \u2018Vaga Certa Rotativo\u2019, mediante cadastro atrav\u00e9s do link&nbsp;<a href=\"https:\/\/forms.gle\/5QUSbyYMxy3LvFWbA\" target=\"_blank\" rel=\"noreferrer noopener\">https:\/\/forms.gle\/5QUSbyYMxy3LvFWbA<\/a>, mas \u00e9 necess\u00e1rio observar que eles n\u00e3o poder\u00e3o estacionar gratuitamente nas ruas laterais \u00e0 Pra\u00e7a Higino da Silveira, em volta da feira; no trecho da Rua Alfredo Rebello Filho; no trecho da Avenida Oliveira Botelho em frente \u00e0 feira; na rua Dona Olga de Oliveira, na Fonte Judite e na Rua Sloper. Em todas as demais vagas demarcadas nas redondezas estar\u00e3o liberadas para o estacionamento gratuito para os expositores. Ressaltando que os locais de carga e descarga continuam disponibilizados.<\/p>\n\n\n\n<p><strong>Isen\u00e7\u00f5es:<\/strong><\/p>\n\n\n\n<p>Motociclistas, que dever\u00e3o estacionar exclusivamente em \u00e1reas previamente demarcadas e, nestes locais, n\u00e3o pagar\u00e3o tarifa.<br><br>Idosos a partir de 60 anos e pessoas com defici\u00eancia, desde que estacionem seus ve\u00edculos nas \u00e1reas delimitadas.<br><br>Moradores que estacionem at\u00e9 100 metros da resid\u00eancia tamb\u00e9m ter\u00e3o isen\u00e7\u00e3o da tarifa no per\u00edodo da noite at\u00e9 \u00e0s 10h do dia seguinte. Haver\u00e1 chamamento para cadastramento pela Secretaria de Seguran\u00e7a P\u00fablica, em breve.<br><br>Expositores da Feirarte (uma vaga por estande), em local previamente demarcado, para ve\u00edculos cadastrados na Secretaria de Turismo. Ser\u00e1 divulgada a data de cadastramento. Os expositores devem se cadastrar por meio do link:&nbsp;<a href=\"http:\/\/bit.ly\/vagacerta-cadastro-expositor\" target=\"_blank\" rel=\"noreferrer noopener\">http:\/\/bit.ly\/vagacerta-cadastro-expositor<\/a>.<\/p>\n\n\n\n<p><br><\/p>\n\n\n\n<p><br><br><br><br><\/p>\n","protected":false},"excerpt":{"rendered":"<p>No pr\u00f3ximo final de semana, dias 4 e 5 de junho, a Prefeitura de Teres\u00f3polis<\/p>\n","protected":false},"author":2,"featured_media":37425,"comment_status":"open","ping_status":"open","sticky":false,"template":"","format":"standard","meta":{"footnotes":""},"categories":[17],"tags":[],"class_list":["post-37420","post","type-post","status-publish","format-standard","has-post-thumbnail","hentry","category-outras-noticias"],"_links":{"self":[{"href":"https:\/\/tvc16.com\/portal\/wp-json\/wp\/v2\/posts\/37420","targetHints":{"allow":["GET"]}}],"collection":[{"href":"https:\/\/tvc16.com\/portal\/wp-json\/wp\/v2\/posts"}],"about":[{"href":"https:\/\/tvc16.com\/portal\/wp-json\/wp\/v2\/types\/post"}],"author":[{"embeddable":true,"href":"https:\/\/tvc16.com\/portal\/wp-json\/wp\/v2\/users\/2"}],"replies":[{"embeddable":true,"href":"https:\/\/tvc16.com\/portal\/wp-json\/wp\/v2\/comments?post=37420"}],"version-history":[{"count":2,"href":"https:\/\/tvc16.com\/portal\/wp-json\/wp\/v2\/posts\/37420\/revisions"}],"predecessor-version":[{"id":37424,"href":"https:\/\/tvc16.com\/portal\/wp-json\/wp\/v2\/posts\/37420\/revisions\/37424"}],"wp:featuredmedia":[{"embeddable":true,"href":"https:\/\/tvc16.com\/portal\/wp-json\/wp\/v2\/media\/37425"}],"wp:attachment":[{"href":"https:\/\/tvc16.com\/portal\/wp-json\/wp\/v2\/media?parent=37420"}],"wp:term":[{"taxonomy":"category","embeddable":true,"href":"https:\/\/tvc16.com\/portal\/wp-json\/wp\/v2\/categories?post=37420"},{"taxonomy":"post_tag","embeddable":true,"href":"https:\/\/tvc16.com\/portal\/wp-json\/wp\/v2\/tags?post=37420"}],"curies":[{"name":"wp","href":"https:\/\/api.w.org\/{rel}","templated":true}]}}