{"id":37426,"date":"2022-06-03T13:28:52","date_gmt":"2022-06-03T16:28:52","guid":{"rendered":"https:\/\/tvc16.com\/portal\/?p=37426"},"modified":"2022-06-03T13:28:53","modified_gmt":"2022-06-03T16:28:53","slug":"governador-claudio-castro-prorroga-programa-recupera-ipva-rj-ate-dezembro","status":"publish","type":"post","link":"https:\/\/tvc16.com\/portal\/2022\/06\/03\/governador-claudio-castro-prorroga-programa-recupera-ipva-rj-ate-dezembro\/","title":{"rendered":"<strong>Governador Cl\u00e1udio Castro prorroga Programa Recupera IPVA RJ at\u00e9 dezembro<\/strong>"},"content":{"rendered":"\n<p><em>Resolu\u00e7\u00f5es que detalham o programa ser\u00e3o publicadas nos pr\u00f3ximos dias<\/em><br>O prazo de inscri\u00e7\u00e3o no Programa Recupera IPVA RJ foi prorrogado at\u00e9 31 de dezembro de 2022. \u00c9 o que prev\u00ea a Lei 9.703\/22, sancionada pelo governador Cl\u00e1udio Castro e publicada nesta quinta-feira (02\/06) em edi\u00e7\u00e3o extraordin\u00e1ria no Di\u00e1rio Oficial. A medida ajudar\u00e1 contribuintes fluminenses a quitarem suas d\u00edvidas relativas ao imposto, a partir da redu\u00e7\u00e3o dos valores de multas e dos acr\u00e9scimos morat\u00f3rios, inscritos ou n\u00e3o em d\u00edvida ativa, ocorridos at\u00e9 30 de novembro de 2020.<\/p>\n\n\n\n<p>A iniciativa contribuir\u00e1 ainda para que o Estado possa reaver cr\u00e9ditos tribut\u00e1rios, refor\u00e7ando o caixa fluminense. Se n\u00e3o fosse alterado, o prazo para o pedido de ingresso no Recupera IPVA RJ se encerraria no dia 30 deste m\u00eas. As resolu\u00e7\u00f5es que detalham o programa, como o valor m\u00ednimo de cada parcela a ser paga, ser\u00e3o publicadas nos pr\u00f3ximos dias.<\/p>\n\n\n\n<p>&#8211; Estamos ampliando as possibilidades de o contribuinte fluminense quitar suas d\u00edvidas com o Estado por meio de incentivos, como o desconto em multas e juros. Com essa iniciativa, tamb\u00e9m esperamos um incremento na receita estadual \u2013 declarou o governador.<\/p>\n\n\n\n<p>O Recupera IPVA prev\u00ea quatro formas de pagamento dos cr\u00e9ditos tribut\u00e1rios e garante redu\u00e7\u00e3o de at\u00e9 90% dos valores das penalidades legais e acr\u00e9scimos morat\u00f3rios se o contribuinte escolher quitar os valores \u00e0 vista (em cota \u00fanica).<\/p>\n\n\n\n<p>Para quem optar pelo pagamento em seis parcelas (mensais e sucessivas), o desconto ser\u00e1 de 80% do montante devido. Em 12 cotas, a redu\u00e7\u00e3o ser\u00e1 de 70%, e em 24 vezes, o abatimento chegar\u00e1 a 60% sobre os valores totais.<\/p>\n\n\n\n<p>Foto: Rovena Rosa\/Ag\u00eancia Brasil<\/p>\n","protected":false},"excerpt":{"rendered":"<p>Resolu\u00e7\u00f5es que detalham o programa ser\u00e3o publicadas nos pr\u00f3ximos diasO prazo de inscri\u00e7\u00e3o no Programa<\/p>\n","protected":false},"author":2,"featured_media":37427,"comment_status":"open","ping_status":"open","sticky":false,"template":"","format":"standard","meta":{"footnotes":""},"categories":[17],"tags":[],"class_list":["post-37426","post","type-post","status-publish","format-standard","has-post-thumbnail","hentry","category-outras-noticias"],"_links":{"self":[{"href":"https:\/\/tvc16.com\/portal\/wp-json\/wp\/v2\/posts\/37426","targetHints":{"allow":["GET"]}}],"collection":[{"href":"https:\/\/tvc16.com\/portal\/wp-json\/wp\/v2\/posts"}],"about":[{"href":"https:\/\/tvc16.com\/portal\/wp-json\/wp\/v2\/types\/post"}],"author":[{"embeddable":true,"href":"https:\/\/tvc16.com\/portal\/wp-json\/wp\/v2\/users\/2"}],"replies":[{"embeddable":true,"href":"https:\/\/tvc16.com\/portal\/wp-json\/wp\/v2\/comments?post=37426"}],"version-history":[{"count":1,"href":"https:\/\/tvc16.com\/portal\/wp-json\/wp\/v2\/posts\/37426\/revisions"}],"predecessor-version":[{"id":37428,"href":"https:\/\/tvc16.com\/portal\/wp-json\/wp\/v2\/posts\/37426\/revisions\/37428"}],"wp:featuredmedia":[{"embeddable":true,"href":"https:\/\/tvc16.com\/portal\/wp-json\/wp\/v2\/media\/37427"}],"wp:attachment":[{"href":"https:\/\/tvc16.com\/portal\/wp-json\/wp\/v2\/media?parent=37426"}],"wp:term":[{"taxonomy":"category","embeddable":true,"href":"https:\/\/tvc16.com\/portal\/wp-json\/wp\/v2\/categories?post=37426"},{"taxonomy":"post_tag","embeddable":true,"href":"https:\/\/tvc16.com\/portal\/wp-json\/wp\/v2\/tags?post=37426"}],"curies":[{"name":"wp","href":"https:\/\/api.w.org\/{rel}","templated":true}]}}