{"id":37429,"date":"2022-06-03T14:13:45","date_gmt":"2022-06-03T17:13:45","guid":{"rendered":"https:\/\/tvc16.com\/portal\/?p=37429"},"modified":"2022-06-03T14:13:46","modified_gmt":"2022-06-03T17:13:46","slug":"ultimo-dia-para-as-inscricoes-para-a-orquestra-de-camara-do-palacio-itaborai","status":"publish","type":"post","link":"https:\/\/tvc16.com\/portal\/2022\/06\/03\/ultimo-dia-para-as-inscricoes-para-a-orquestra-de-camara-do-palacio-itaborai\/","title":{"rendered":"\u00daltimo dia para as inscri\u00e7\u00f5es para a Orquestra de C\u00e2mara do Pal\u00e1cio Itabora\u00ed"},"content":{"rendered":"\n<p>V\u00e3o at\u00e9 hoje, 03\/06 (sexta-feira), as inscri\u00e7\u00f5es para o processo seletivo de novas vagas da Orquestra de C\u00e2mara do Pal\u00e1cio Itabora\u00ed &#8211; OCPIT, um projeto sociocultural de forma\u00e7\u00e3o orquestral gratuito da Fiocruz em Petr\u00f3polis.<\/p>\n\n\n\n<p>S\u00e3o 09 vagas para estudantes da rede p\u00fablica de ensino de Petr\u00f3polis, que estejam cursando os 8\u00b0 e 9\u00b0 ano do ensino fundamental e o 1\u00b0 ano do m\u00e9dio. N\u00e3o \u00e9 necess\u00e1rio conhecimento pr\u00e9vio de m\u00fasica para participar.<\/p>\n\n\n\n<p>As inscri\u00e7\u00f5es poder\u00e3o ser feitas atrav\u00e9s do WhatsApp (24) 2246-1430 ou na recep\u00e7\u00e3o do Pal\u00e1cio Itabora\u00ed, localizado na Rua Visconde de Itabora\u00ed, 188, no Valpara\u00edso, em Petr\u00f3polis.<\/p>\n\n\n\n<p>A Orquestra de C\u00e2mara do Pal\u00e1cio Itabora\u00ed<\/p>\n\n\n\n<p>A OCPIT \u00e9 um projeto sociocultural criado em 2013 pelo F\u00f3rum Itabora\u00ed: Pol\u00edtica, Ci\u00eancia e Cultura na Sa\u00fade\/Fiocruz &#8211; Petr\u00f3polis, cujo prop\u00f3sito \u00e9 desenvolver o aprendizado com perspectiva profissionalizante e humanista. Os jovens musicistas vivenciam um curso intensivo e gratuito no decorrer de quatro anos, com aulas te\u00f3ricas e pr\u00e1ticas de m\u00fasica, masterclasses e interc\u00e2mbios com universidades de m\u00fasica, al\u00e9m de apresenta\u00e7\u00f5es regulares de concertos para diversos p\u00fablicos, inclusive em escolas da rede p\u00fablica de Petr\u00f3polis, totalizando uma carga hor\u00e1ria de 300 horas por ano.&nbsp;<\/p>\n\n\n\n<p>Para aqueles estudantes que pretendem fazer n\u00edvel superior em m\u00fasica, o projeto desenvolve um trabalho de prepara\u00e7\u00e3o para o Teste de Habilidade Espec\u00edfica (THE), exigido junto ao Enem nas universidades p\u00fablicas.<\/p>\n\n\n\n<p>Atualmente, a Orquestra de C\u00e2mara do Pal\u00e1cio Itabora\u00ed \u00e9 formada por 10 jovens m\u00fasicos petropolitanos e 120 j\u00e1 fizeram parte do projeto, ao longo dos nove anos, dos quais 12 buscaram a m\u00fasica profissionalmente.<\/p>\n\n\n\n<p>As novas vagas dispon\u00edveis s\u00e3o para os seguintes instrumentos: violino, viola de arco, contrabaixo ac\u00fastico e flauta transversal.<\/p>\n\n\n\n<p>Para outras informa\u00e7\u00f5es, acesse https:\/\/forumitaborai.fiocruz.br\/psocpit2022<\/p>\n","protected":false},"excerpt":{"rendered":"<p>V\u00e3o at\u00e9 hoje, 03\/06 (sexta-feira), as inscri\u00e7\u00f5es para o processo seletivo de novas vagas da<\/p>\n","protected":false},"author":2,"featured_media":37430,"comment_status":"open","ping_status":"open","sticky":false,"template":"","format":"standard","meta":{"footnotes":""},"categories":[12],"tags":[],"class_list":["post-37429","post","type-post","status-publish","format-standard","has-post-thumbnail","hentry","category-cidade"],"_links":{"self":[{"href":"https:\/\/tvc16.com\/portal\/wp-json\/wp\/v2\/posts\/37429","targetHints":{"allow":["GET"]}}],"collection":[{"href":"https:\/\/tvc16.com\/portal\/wp-json\/wp\/v2\/posts"}],"about":[{"href":"https:\/\/tvc16.com\/portal\/wp-json\/wp\/v2\/types\/post"}],"author":[{"embeddable":true,"href":"https:\/\/tvc16.com\/portal\/wp-json\/wp\/v2\/users\/2"}],"replies":[{"embeddable":true,"href":"https:\/\/tvc16.com\/portal\/wp-json\/wp\/v2\/comments?post=37429"}],"version-history":[{"count":1,"href":"https:\/\/tvc16.com\/portal\/wp-json\/wp\/v2\/posts\/37429\/revisions"}],"predecessor-version":[{"id":37431,"href":"https:\/\/tvc16.com\/portal\/wp-json\/wp\/v2\/posts\/37429\/revisions\/37431"}],"wp:featuredmedia":[{"embeddable":true,"href":"https:\/\/tvc16.com\/portal\/wp-json\/wp\/v2\/media\/37430"}],"wp:attachment":[{"href":"https:\/\/tvc16.com\/portal\/wp-json\/wp\/v2\/media?parent=37429"}],"wp:term":[{"taxonomy":"category","embeddable":true,"href":"https:\/\/tvc16.com\/portal\/wp-json\/wp\/v2\/categories?post=37429"},{"taxonomy":"post_tag","embeddable":true,"href":"https:\/\/tvc16.com\/portal\/wp-json\/wp\/v2\/tags?post=37429"}],"curies":[{"name":"wp","href":"https:\/\/api.w.org\/{rel}","templated":true}]}}