{"id":37432,"date":"2022-06-03T14:21:20","date_gmt":"2022-06-03T17:21:20","guid":{"rendered":"https:\/\/tvc16.com\/portal\/?p=37432"},"modified":"2022-06-03T16:56:41","modified_gmt":"2022-06-03T19:56:41","slug":"claudio-castro-visita-petropolis-e-anuncia-projeto-bairro-presente","status":"publish","type":"post","link":"https:\/\/tvc16.com\/portal\/2022\/06\/03\/claudio-castro-visita-petropolis-e-anuncia-projeto-bairro-presente\/","title":{"rendered":"Claudio Castro visita Petr\u00f3polis e anuncia Projeto Bairro Presente"},"content":{"rendered":"\n<p>Na manh\u00e3 desta sexta-feira (03), o Governo do Estado do Rio de Janeiro, e a Prefeitura de Petr\u00f3polis lan\u00e7aram o Projeto Bairro Presente, com a inaugura\u00e7\u00e3o de um posto de policiamento avan\u00e7ado na Rua Teresa, que visa fortalecer a seguran\u00e7a p\u00fablica da cidade. O lan\u00e7amento aconteceu no Centro de Moda e Servi\u00e7os da Rua Teresa, e contou com a presen\u00e7a do governador Cl\u00e1udio Castro, do prefeito Rubens Bomtempo e empres\u00e1rios do com\u00e9rcio.<\/p>\n\n\n\n<p>&#8220;A seguran\u00e7a p\u00fablica \u00e9 a base da recupera\u00e7\u00e3o da cidade. Mesmo que os \u00edndices de criminalidade sejam baixos, ap\u00f3s a trag\u00e9dia vimos um aumento significativo, ent\u00e3o veio a necessidade da cria\u00e7\u00e3o do programa. A primeira unidade do &#8220;Bairro Presente&#8221; fora da regi\u00e3o metropolitana mostra a import\u00e2ncia do munic\u00edpio para o estado&#8221;, disse o governador Cl\u00e1udio Castro.<\/p>\n\n\n\n<p>Foram mais de R$ 400 milh\u00f5es investidos na seguran\u00e7a p\u00fablica, a reforma dos batalh\u00f5es de Petr\u00f3polis, a 105\u00aa Delegacia de Pol\u00edcia que foi destru\u00edda pelas chuvas, para as obras nas localidades do Caxambu, Rua Uruguai, no Quitandinha, e Sargento Boening e tamb\u00e9m nos conjuntos habitacionais.<\/p>\n\n\n\n<p>Com a estrutura montada pelo Bairro Presente, a seguran\u00e7a p\u00fablica de todo centro hist\u00f3rico englobando a Rua Teresa, Rua 24 de maio, Rua Dezesseis de Mar\u00e7o, Rua do Imperador e a regi\u00e3o do Valpara\u00edso, vai ser refor\u00e7ada com a atua\u00e7\u00e3o dos agentes por 24 horas, todos os dias. &#8220;Quando iniciamos um programa desses, a equipe de policiamento tamb\u00e9m \u00e9 ampliada para oferecer um servi\u00e7o de qualidade para a popula\u00e7\u00e3o. \u00c9 disso que o munic\u00edpio precisa ap\u00f3s duas trag\u00e9dias&#8221;, disse o deputado federal, Hugo Leal.<\/p>\n\n\n\n<p>Al\u00e9m disso, de acordo com o prefeito Rubens Bomtempo, um contrato foi assinado para que os conjuntos habitacionais, que fazem parte do programa Casa da Gente, tamb\u00e9m passem por reformas. &#8220;\u00c9 importante incluir os conjuntos habitacionais nas obras de reconstru\u00e7\u00e3o, principalmente as moradias do Vale do Carangola&#8221;, disse o prefeito.<\/p>\n\n\n\n<p>Para oficializar a abertura do programa, foi feito o descerramento da placa do m\u00f3dulo.<\/p>\n","protected":false},"excerpt":{"rendered":"<p>Na manh\u00e3 desta sexta-feira (03), o Governo do Estado do Rio de Janeiro, e a<\/p>\n","protected":false},"author":2,"featured_media":37433,"comment_status":"open","ping_status":"open","sticky":false,"template":"","format":"standard","meta":{"footnotes":""},"categories":[12],"tags":[],"class_list":["post-37432","post","type-post","status-publish","format-standard","has-post-thumbnail","hentry","category-cidade"],"_links":{"self":[{"href":"https:\/\/tvc16.com\/portal\/wp-json\/wp\/v2\/posts\/37432","targetHints":{"allow":["GET"]}}],"collection":[{"href":"https:\/\/tvc16.com\/portal\/wp-json\/wp\/v2\/posts"}],"about":[{"href":"https:\/\/tvc16.com\/portal\/wp-json\/wp\/v2\/types\/post"}],"author":[{"embeddable":true,"href":"https:\/\/tvc16.com\/portal\/wp-json\/wp\/v2\/users\/2"}],"replies":[{"embeddable":true,"href":"https:\/\/tvc16.com\/portal\/wp-json\/wp\/v2\/comments?post=37432"}],"version-history":[{"count":5,"href":"https:\/\/tvc16.com\/portal\/wp-json\/wp\/v2\/posts\/37432\/revisions"}],"predecessor-version":[{"id":37444,"href":"https:\/\/tvc16.com\/portal\/wp-json\/wp\/v2\/posts\/37432\/revisions\/37444"}],"wp:featuredmedia":[{"embeddable":true,"href":"https:\/\/tvc16.com\/portal\/wp-json\/wp\/v2\/media\/37433"}],"wp:attachment":[{"href":"https:\/\/tvc16.com\/portal\/wp-json\/wp\/v2\/media?parent=37432"}],"wp:term":[{"taxonomy":"category","embeddable":true,"href":"https:\/\/tvc16.com\/portal\/wp-json\/wp\/v2\/categories?post=37432"},{"taxonomy":"post_tag","embeddable":true,"href":"https:\/\/tvc16.com\/portal\/wp-json\/wp\/v2\/tags?post=37432"}],"curies":[{"name":"wp","href":"https:\/\/api.w.org\/{rel}","templated":true}]}}