{"id":3745,"date":"2020-10-24T00:09:22","date_gmt":"2020-10-24T00:09:22","guid":{"rendered":"https:\/\/tvc16.com\/portal\/?p=3745"},"modified":"2020-10-24T00:09:22","modified_gmt":"2020-10-24T00:09:22","slug":"orquestra-de-camara-do-palacio-itaborai-ganha-premio-guerra-peixe-de-cultura","status":"publish","type":"post","link":"https:\/\/tvc16.com\/portal\/2020\/10\/24\/orquestra-de-camara-do-palacio-itaborai-ganha-premio-guerra-peixe-de-cultura\/","title":{"rendered":"Orquestra de C\u00e2mara do Pal\u00e1cio Itabora\u00ed ganha Pr\u00eamio Guerra-Peixe de Cultura"},"content":{"rendered":"\n<p><em>Os jovens musicistas foram reconhecidos com a mais importante estatueta do cen\u00e1rio cultural de Petr\u00f3polis \u00a0<\/em><\/p>\n\n\n\n<p>\u201cComo musicista, a gente sempre espera que as pessoas reconhe\u00e7am o que a gente faz, nossa profiss\u00e3o, nosso trabalho. \u00c9 maravilhoso sermos reconhecidos na nossa pr\u00f3pria cidade. \u00c9 at\u00e9 dif\u00edcil de explicar o sentimento que nos preenche neste momento. Quando soubemos do resultado, tivemos um surto de felicidade!\u201d, conta Karine Motta, 17 anos, contrabaixista da Orquestra de C\u00e2mara do Pal\u00e1cio Itabora\u00ed \u2013 OCPIT, quando perguntada, por telefone, sobre a conquista do Pr\u00eamio Maestro Guerra-Peixe de Cultura,&nbsp;na categoria \u201cm\u00fasica erudita\u201d,&nbsp;em evento ontem \u00e0 noite (22), por transmiss\u00e3o online.&nbsp;Criado em 2009 pela gest\u00e3o p\u00fablica municipal, o Pr\u00eamio \u00e9 o mais importante reconhecimento do cen\u00e1rio cultural da cidade de&nbsp;Petr\u00f3polis e acontece todos os anos com o objetivo de consagrar os principais artistas e iniciativas culturais do munic\u00edpio e, tamb\u00e9m, manter viva a homenagem&nbsp;a um dos maiores compositores e arranjadores brasileiros, o petropolitano C\u00e9sar Guerra-Peixe (1914-1993).&nbsp; &nbsp;<\/p>\n\n\n\n<p>Formada por 26 jovens m\u00fasicos de Petr\u00f3polis, estudantes da rede p\u00fablica de ensino, a Orquestra de C\u00e2mara do Pal\u00e1cio Itabora\u00ed \u00e9 um projeto sociocultural criado em 2013 pelo F\u00f3rum Itabora\u00ed: Pol\u00edtica, Ci\u00eancia e Cultura na Sa\u00fade, unidade da Fiocruz em Petr\u00f3polis, cujo prop\u00f3sito \u00e9 desenvolver o aprendizado com perspectiva profissionalizante e humanista. &nbsp;<\/p>\n\n\n\n<p>Os jovens musicistas vivenciam um curso intensivo e gratuito no decorrer de quatro anos, com aulas te\u00f3ricas e pr\u00e1ticas de m\u00fasica,&nbsp;<em>masterclasses<\/em>&nbsp;e interc\u00e2mbios com universidades de m\u00fasica, al\u00e9m de apresenta\u00e7\u00f5es regulares de concertos para diversos p\u00fablicos, inclusive em escolas da rede p\u00fablica de Petr\u00f3polis, totalizando uma carga hor\u00e1ria de 300 horas por ano. Dentre as apresenta\u00e7\u00f5es j\u00e1 realizadas pela OCPIT est\u00e3o concertos na programa\u00e7\u00e3o do Natal Imperial; no Sesc Quitandinha Petr\u00f3polis; na concha ac\u00fastica do Museu Imperial; em eventos de anivers\u00e1rio da Fiocruz, na sua sede no Rio de Janeiro; e, mais recentemente, no final de 2019, no programa&nbsp;M\u00fasica no Museu, no Centro Cultural Banco do Brasil &#8211; CCBB, tamb\u00e9m na capital carioca. &nbsp; &nbsp;<\/p>\n\n\n\n<p>Desde a sua cria\u00e7\u00e3o em 2013, j\u00e1 passaram pela OCPIT 110 jovens, incluindo os que atualmente comp\u00f5em a forma\u00e7\u00e3o da Orquestra. Destes, seis ingressaram no ensino superior de m\u00fasica, em universidades como UniRio, as federais de Juiz de Fora e do Rio de Janeiro (UFJF e UFRJ) e a Cat\u00f3lica de Petr\u00f3polis (UCP). H\u00e1 tamb\u00e9m aqueles que j\u00e1 est\u00e3o integrando tamb\u00e9m outros corpos orquestrais, como a Academia Juvenil da Orquestra Petrobras Sinf\u00f4nica.&nbsp; &nbsp;<\/p>\n\n\n\n<p>&nbsp;\u201cAo longo destes quase oito anos, a Orquestra vem se consolidando e amadurecendo. Nessa trajet\u00f3ria, reafirmamos nossa miss\u00e3o de proporcionar caminhos e perspectivas mais saud\u00e1veis tamb\u00e9m para os nossos jovens, reduzindo as desigualdades e ampliando o acesso aos direitos. Por isso, atrav\u00e9s da Orquestra, trabalhamos para apoiar o desenvolvimento desses jovens para que possam n\u00e3o s\u00f3 se envolver com a m\u00fasica, mas terem-na tamb\u00e9m como profiss\u00e3o, caso desejem\u201d, explica Felix Rosenberg, Diretor do F\u00f3rum Itabora\u00ed. \u201cA jornada que levou a Orquestra a tal reconhecimento j\u00e1 \u00e9 por si um processo de muitas conquistas, com destaque para os jovens, claro, mas que envolve tamb\u00e9m suas fam\u00edlias, maestro e professores, a coordena\u00e7\u00e3o do projeto, toda equipe do F\u00f3rum Itabora\u00ed e apoiadores da OCPIT. Esse reconhecimento nos alegra, entusiasma e fortalece o compromisso de todos n\u00f3s com a promo\u00e7\u00e3o da sa\u00fade por meio da m\u00fasica e nos faz celebrar, ainda mais, a comunidade de aprendizagem que \u00e9 a Orquestra\u201d, complementa Rosenberg.&nbsp; &nbsp;<\/p>\n\n\n\n<p>Nos anos de 2015 e 2016, a OCPIT recebeu patroc\u00ednio da GE-Celma e, desde fevereiro de 2017, a Orquestra recebe o patroc\u00ednio da Schott Brasil, ambos por meio da Lei de Incentivo \u00e0 Cultura, complementando os recursos aportados&nbsp;pelo or\u00e7amento regular da Fiocruz&nbsp;e fortalecendo o desenvolvimento do projeto.&nbsp; &nbsp;<\/p>\n\n\n\n<p>Para o maestro e coordenador da OCPIT, Celso Franzen Jr., este pr\u00eamio coroa o trabalho iniciado em 2013 e traz um novo f\u00f4lego para alunos e professores em um momento t\u00e3o desafiante causado pela pandemia da Covid-19. \u201cA falta de motiva\u00e7\u00e3o causada pela impossibilidade de estarmos juntos, como sempre estivemos, pesa sobre nossa Orquestra. Posso dizer que heroicamente cada um de n\u00f3s tem conseguido resistir e temos mantido aulas e ensaios online, com todos os desafios e limita\u00e7\u00f5es deste formato. A chegada deste pr\u00eamio mostra que temos uma hist\u00f3ria a honrar e nos d\u00e1 energia para continuar promovendo o desenvolvimento musical de nossos jovens, nas perspectivas cultural, pedag\u00f3gica e social\u201d, celebra o maestro.&nbsp; &nbsp;<\/p>\n\n\n\n<p>Esta \u00e9 a quarta vez que um projeto do F\u00f3rum Itabora\u00ed \u00e9 indicado ao Pr\u00eamio Maestro Guerra-Peixe de Cultura, por\u00e9m, a primeira vez que um deles \u00e9 efetivamente premiado. Das indica\u00e7\u00f5es anteriores, uma foi para a pr\u00f3pria OCPIT, em 2014. \u201cEsse \u00e9 um pr\u00eamio que a gente queria muito conquistar, um reconhecimento que a gente esperava h\u00e1 muito tempo e, finalmente, chegou\u201d, comemora Karine, lembrando que ontem, no grupo&nbsp;de&nbsp;<em>whatsapp<\/em>&nbsp;da&nbsp;OCPIT, em meio \u00e0 euforia, os jovens tamb\u00e9m relembraram diversos epis\u00f3dios por que passaram at\u00e9 chegarem onde est\u00e3o, incluindo os aprendizados com insucessos e concursos que perderam. &nbsp;<\/p>\n\n\n\n<p>Concorrendo ao Pr\u00eamio nesta edi\u00e7\u00e3o de 2020, a Orquestra de C\u00e2mara esteve entre 40 indicados, em 11 categorias, que se destacaram em suas a\u00e7\u00f5es em 2019.&nbsp;\u201cAcho que somos merecedores desse Pr\u00eamio porque, al\u00e9m da nossa dedica\u00e7\u00e3o e melhoria ao longo do tempo, temos uma conex\u00e3o coletiva especial e isso \u00e9 um diferencial. \u00c0s vezes as pessoas nos perguntam por que nos dedicamos tanto se n\u00e3o vamos receber por isso. Mas nossa maior recompensa \u00e9 o que fazemos em grupo, \u00e9 saber ser um corpo coletivo. Tem tamb\u00e9m o retorno pessoal que a m\u00fasica nos d\u00e1, que nos salva de n\u00f3s mesmos, das press\u00f5es, da correria da vida, das opress\u00f5es que vivemos na fam\u00edlia, na sociedade, nos espa\u00e7os que frequentamos. \u00c9 um lugar que tranquiliza, que liberta, que nos deixa em paz\u201d, pondera a contrabaixista, que, em seguida, conclui: \u201cQueremos sempre melhorar nosso trabalho, mostrar o que fazemos e continuar nossa jornada. Quando somos indicados e depois ganhamos, a\u00ed entendemos que o que fazemos tem valor tamb\u00e9m pra outras pessoas, al\u00e9m de n\u00f3s!\u201d.&nbsp;&nbsp;&nbsp;<\/p>\n\n\n\n<p><strong>F\u00f3rum Itabora\u00ed \u2013 Fiocruz<\/strong>&nbsp;&nbsp;<\/p>\n\n\n\n<p>Inaugurado em 18 de outubro de 2011, como um programa especial da Presid\u00eancia da Fiocruz, o Pal\u00e1cio Itabora\u00ed abriga o F\u00f3rum Itabora\u00ed: Pol\u00edtica, Ci\u00eancia e Cultura na Sa\u00fade. O F\u00f3rum \u00e9 um espa\u00e7o permanente de reflex\u00e3o e gera\u00e7\u00e3o de ideias, que tem como principal objetivo reunir intelectuais, cientistas, artistas, gestores e usu\u00e1rios de educa\u00e7\u00e3o e sa\u00fade do Brasil e do estrangeiro, para gerar formula\u00e7\u00f5es de pol\u00edticas e pr\u00e1ticas tendentes a reduzir as desigualdades sociais na sa\u00fade. O F\u00f3rum tamb\u00e9m desenvolve a\u00e7\u00f5es comunit\u00e1rias que permitam p\u00f4r em pr\u00e1tica atividades inter e transetoriais. Entre essas pr\u00e1ticas se destacam, al\u00e9m da Orquestra de C\u00e2mara do Pal\u00e1cio Itabora\u00ed &#8211; OCPIT: o Programa de Biodiversidade e Sa\u00fade, cujos principais projetos envolvem agricultura urbana e plantas medicinais, al\u00e9m da Trilha do Arboreto, uma trilha urbana de 808 metros, com um acervo de mais de 400 esp\u00e9cies de plantas vivas e identificadas, sendo a maior parte delas medicinais, que visam disseminar e resgatar os conhecimentos tradicionais e populares do cuidado na sa\u00fade; o desenvolvimento e aplica\u00e7\u00e3o de tecnologias sociais (como o Diagn\u00f3stico R\u00e1pido Participativo \u2013 DRP, o Teatro do Oprimido e a cartografia participativa) para o estudo participativo dos determinantes de sa\u00fade de territ\u00f3rios em Petr\u00f3polis e atua\u00e7\u00e3o articulada com outros setores, como o poder p\u00fablico e universidades, para o desenvolvimento local; incluem-se, ainda, a Biblioteca Livre do Pal\u00e1cio Itabora\u00ed, com acervo focado nos Programas do F\u00f3rum e disponibiliza\u00e7\u00e3o de acesso a bibliotecas virtuais; atividades de apoio \u00e0 capacita\u00e7\u00e3o tecnol\u00f3gica para trabalhadores de sa\u00fade; a investiga\u00e7\u00e3o-a\u00e7\u00e3o participativa no campo da promo\u00e7\u00e3o da sa\u00fade; debates culturais, projetos, eventos e exposi\u00e7\u00f5es de artes e cultura, entre outras. &nbsp;<\/p>\n","protected":false},"excerpt":{"rendered":"<p>Os jovens musicistas foram reconhecidos com a mais importante estatueta do cen\u00e1rio cultural de Petr\u00f3polis<\/p>\n","protected":false},"author":2,"featured_media":3747,"comment_status":"open","ping_status":"open","sticky":false,"template":"","format":"standard","meta":{"footnotes":""},"categories":[12],"tags":[],"class_list":["post-3745","post","type-post","status-publish","format-standard","has-post-thumbnail","hentry","category-cidade"],"_links":{"self":[{"href":"https:\/\/tvc16.com\/portal\/wp-json\/wp\/v2\/posts\/3745","targetHints":{"allow":["GET"]}}],"collection":[{"href":"https:\/\/tvc16.com\/portal\/wp-json\/wp\/v2\/posts"}],"about":[{"href":"https:\/\/tvc16.com\/portal\/wp-json\/wp\/v2\/types\/post"}],"author":[{"embeddable":true,"href":"https:\/\/tvc16.com\/portal\/wp-json\/wp\/v2\/users\/2"}],"replies":[{"embeddable":true,"href":"https:\/\/tvc16.com\/portal\/wp-json\/wp\/v2\/comments?post=3745"}],"version-history":[{"count":1,"href":"https:\/\/tvc16.com\/portal\/wp-json\/wp\/v2\/posts\/3745\/revisions"}],"predecessor-version":[{"id":3748,"href":"https:\/\/tvc16.com\/portal\/wp-json\/wp\/v2\/posts\/3745\/revisions\/3748"}],"wp:featuredmedia":[{"embeddable":true,"href":"https:\/\/tvc16.com\/portal\/wp-json\/wp\/v2\/media\/3747"}],"wp:attachment":[{"href":"https:\/\/tvc16.com\/portal\/wp-json\/wp\/v2\/media?parent=3745"}],"wp:term":[{"taxonomy":"category","embeddable":true,"href":"https:\/\/tvc16.com\/portal\/wp-json\/wp\/v2\/categories?post=3745"},{"taxonomy":"post_tag","embeddable":true,"href":"https:\/\/tvc16.com\/portal\/wp-json\/wp\/v2\/tags?post=3745"}],"curies":[{"name":"wp","href":"https:\/\/api.w.org\/{rel}","templated":true}]}}