{"id":37451,"date":"2022-06-04T08:00:00","date_gmt":"2022-06-04T11:00:00","guid":{"rendered":"https:\/\/tvc16.com\/portal\/?p=37451"},"modified":"2022-06-03T22:16:00","modified_gmt":"2022-06-04T01:16:00","slug":"governo-e-ans-tem-5-dias-para-explicarem-reajuste-de-155-em-planos-de-saude","status":"publish","type":"post","link":"https:\/\/tvc16.com\/portal\/2022\/06\/04\/governo-e-ans-tem-5-dias-para-explicarem-reajuste-de-155-em-planos-de-saude\/","title":{"rendered":"Governo e ANS tem 5 dias para explicarem reajuste de 15,5% em planos de sa\u00fade"},"content":{"rendered":"\n<p>O ministro Dias Toffoli, do Supremo Tribunal Federal (STF), decidiu nesta sexta-feira dar um prazo de cinco dias para que o governo federal e a Ag\u00eancia Nacional de Sa\u00fade Suplementar (ANS) prestem informa\u00e7\u00f5es \u00e0 corte sobre decis\u00e3o que autorizou o reajuste de at\u00e9 15,5% das mensalidades dos planos de sa\u00fade individuais ou familiares para 2022.<\/p>\n\n\n\n<p>Toffoli tamb\u00e9m determinou que, depois, o caso seja encaminhado para a Advocacia-Geral da Uni\u00e3o (AGU) e a Procuradoria-Geral da Rep\u00fablica (PGR) para se manifestarem.<\/p>\n\n\n\n<p>A decis\u00e3o do ministro do STF foi tomada no \u00e2mbito de uma a\u00e7\u00e3o movida pela Rede Sustentabilidade.<\/p>\n\n\n\n<p>O partido recorreu ao Supremo para barrar o aumento nos planos de sa\u00fade sob a alega\u00e7\u00e3o de que o reajuste seria desproporcional em rela\u00e7\u00e3o ao hist\u00f3rico dos aumentos e em parte acima da infla\u00e7\u00e3o oficial. O partido tamb\u00e9m contestou uma suposta in\u00e9rcia do governo em frear esse tipo de reajuste.<\/p>\n\n\n\n<p>Ricardo Brito &#8211; Ag\u00eancia Reuters<\/p>\n","protected":false},"excerpt":{"rendered":"<p>O ministro Dias Toffoli, do Supremo Tribunal Federal (STF), decidiu nesta sexta-feira dar um prazo<\/p>\n","protected":false},"author":2,"featured_media":37452,"comment_status":"open","ping_status":"open","sticky":false,"template":"","format":"standard","meta":{"footnotes":""},"categories":[18,17,14,15],"tags":[],"class_list":["post-37451","post","type-post","status-publish","format-standard","has-post-thumbnail","hentry","category-economia","category-outras-noticias","category-pais","category-politica"],"_links":{"self":[{"href":"https:\/\/tvc16.com\/portal\/wp-json\/wp\/v2\/posts\/37451","targetHints":{"allow":["GET"]}}],"collection":[{"href":"https:\/\/tvc16.com\/portal\/wp-json\/wp\/v2\/posts"}],"about":[{"href":"https:\/\/tvc16.com\/portal\/wp-json\/wp\/v2\/types\/post"}],"author":[{"embeddable":true,"href":"https:\/\/tvc16.com\/portal\/wp-json\/wp\/v2\/users\/2"}],"replies":[{"embeddable":true,"href":"https:\/\/tvc16.com\/portal\/wp-json\/wp\/v2\/comments?post=37451"}],"version-history":[{"count":2,"href":"https:\/\/tvc16.com\/portal\/wp-json\/wp\/v2\/posts\/37451\/revisions"}],"predecessor-version":[{"id":37454,"href":"https:\/\/tvc16.com\/portal\/wp-json\/wp\/v2\/posts\/37451\/revisions\/37454"}],"wp:featuredmedia":[{"embeddable":true,"href":"https:\/\/tvc16.com\/portal\/wp-json\/wp\/v2\/media\/37452"}],"wp:attachment":[{"href":"https:\/\/tvc16.com\/portal\/wp-json\/wp\/v2\/media?parent=37451"}],"wp:term":[{"taxonomy":"category","embeddable":true,"href":"https:\/\/tvc16.com\/portal\/wp-json\/wp\/v2\/categories?post=37451"},{"taxonomy":"post_tag","embeddable":true,"href":"https:\/\/tvc16.com\/portal\/wp-json\/wp\/v2\/tags?post=37451"}],"curies":[{"name":"wp","href":"https:\/\/api.w.org\/{rel}","templated":true}]}}