{"id":37455,"date":"2022-06-04T08:30:00","date_gmt":"2022-06-04T11:30:00","guid":{"rendered":"https:\/\/tvc16.com\/portal\/?p=37455"},"modified":"2022-06-03T22:38:19","modified_gmt":"2022-06-04T01:38:19","slug":"psf-do-jardim-salvador-funciona-temporariamente-no-carangola","status":"publish","type":"post","link":"https:\/\/tvc16.com\/portal\/2022\/06\/04\/psf-do-jardim-salvador-funciona-temporariamente-no-carangola\/","title":{"rendered":"PSF do Jardim Salvador funciona temporariamente no Carangola"},"content":{"rendered":"\n<p>Os atendimentos do Posto de Sa\u00fade da Fam\u00edlia (PSF) do Jardim Salvador est\u00e3o acontecendo, temporariamente, no espa\u00e7o do PSF do Carangola. As consultas agendadas j\u00e1 foram remarcadas e as novas j\u00e1 podem ser marcadas na unidade.<\/p>\n\n\n\n<p>A Secretaria de Sa\u00fade est\u00e1 concluindo o processo de contrato de aluguel do novo espa\u00e7o para abrigar o PSF do Jardim Salvador. A unidade est\u00e1 interditada devido a deslizamentos que atingiram a regi\u00e3o nas chuvas dos dias 15 de fevereiro e 20 de mar\u00e7o.<\/p>\n\n\n\n<p>\u201cEssa mudan\u00e7a de local foi necess\u00e1ria, mas \u00e9 moment\u00e2nea. Buscamos a melhor alternativa para afetar, o m\u00ednimo poss\u00edvel, a vida dos usu\u00e1rios. T\u00e3o logo a parte burocr\u00e1tica do contrato do aluguel do novo espa\u00e7o seja conclu\u00edda, as equipes retornar\u00e3o para a comunidade\u201d, explicou o secret\u00e1rio de Sa\u00fade, Marcus Curvelo.<\/p>\n","protected":false},"excerpt":{"rendered":"<p>Os atendimentos do Posto de Sa\u00fade da Fam\u00edlia (PSF) do Jardim Salvador est\u00e3o acontecendo, temporariamente,<\/p>\n","protected":false},"author":2,"featured_media":0,"comment_status":"open","ping_status":"open","sticky":false,"template":"","format":"standard","meta":{"footnotes":""},"categories":[12,13],"tags":[],"class_list":["post-37455","post","type-post","status-publish","format-standard","hentry","category-cidade","category-saude"],"_links":{"self":[{"href":"https:\/\/tvc16.com\/portal\/wp-json\/wp\/v2\/posts\/37455","targetHints":{"allow":["GET"]}}],"collection":[{"href":"https:\/\/tvc16.com\/portal\/wp-json\/wp\/v2\/posts"}],"about":[{"href":"https:\/\/tvc16.com\/portal\/wp-json\/wp\/v2\/types\/post"}],"author":[{"embeddable":true,"href":"https:\/\/tvc16.com\/portal\/wp-json\/wp\/v2\/users\/2"}],"replies":[{"embeddable":true,"href":"https:\/\/tvc16.com\/portal\/wp-json\/wp\/v2\/comments?post=37455"}],"version-history":[{"count":1,"href":"https:\/\/tvc16.com\/portal\/wp-json\/wp\/v2\/posts\/37455\/revisions"}],"predecessor-version":[{"id":37456,"href":"https:\/\/tvc16.com\/portal\/wp-json\/wp\/v2\/posts\/37455\/revisions\/37456"}],"wp:attachment":[{"href":"https:\/\/tvc16.com\/portal\/wp-json\/wp\/v2\/media?parent=37455"}],"wp:term":[{"taxonomy":"category","embeddable":true,"href":"https:\/\/tvc16.com\/portal\/wp-json\/wp\/v2\/categories?post=37455"},{"taxonomy":"post_tag","embeddable":true,"href":"https:\/\/tvc16.com\/portal\/wp-json\/wp\/v2\/tags?post=37455"}],"curies":[{"name":"wp","href":"https:\/\/api.w.org\/{rel}","templated":true}]}}