{"id":37458,"date":"2022-06-04T07:45:00","date_gmt":"2022-06-04T10:45:00","guid":{"rendered":"https:\/\/tvc16.com\/portal\/?p=37458"},"modified":"2022-06-03T22:45:11","modified_gmt":"2022-06-04T01:45:11","slug":"dia-d-contra-influenza-e-sarampo-neste-sabado-em-petropolis","status":"publish","type":"post","link":"https:\/\/tvc16.com\/portal\/2022\/06\/04\/dia-d-contra-influenza-e-sarampo-neste-sabado-em-petropolis\/","title":{"rendered":"Dia D contra influenza e sarampo neste s\u00e1bado em Petr\u00f3polis"},"content":{"rendered":"\n<p>Acontece neste s\u00e1bado o Dia D da campanha de vacina\u00e7\u00e3o contra a Influenza. \u00c9 importante que todas as pessoas inclu\u00eddas nos grupos priorit\u00e1rios participem e compare\u00e7am em um dos 43 postos ofertados pela Prefeitura, por meio da Secretaria de Sa\u00fade, das 8h \u00e0s 16h30, com exce\u00e7\u00e3o dos postos do Brejal, Secret\u00e1rio e Vale das Videiras que estar\u00e3o abertos das 8h \u00e0s 15h30. Nesse mesmo dia, trabalhadores da sa\u00fade e crian\u00e7as de seis meses a quatro anos, 11 meses e 29 dias, mesmo aqueles que j\u00e1 tomaram uma dose do imunizante em outra \u00e9poca, tamb\u00e9m poder\u00e3o ser imunizados em 13 locais disponibilizados pelo Governo Municipal.<\/p>\n\n\n\n<p>P\u00daBLICO ALVO INFLUENZA<br>Idosos acima de 60 anos, trabalhadores da Sa\u00fade, crian\u00e7as menores de 5 anos, gestantes, pu\u00e9rperas, professores, profissionais das for\u00e7as armadas, de seguran\u00e7a e salvamento, pessoas com defici\u00eancia, caminhoneiros, rodovi\u00e1rios, popula\u00e7\u00e3o ind\u00edgena e popula\u00e7\u00e3o privada de liberdade, adolescentes e jovens sob medidas socioeducativas, pessoas portadoras de doen\u00e7as cr\u00f4nicas n\u00e3o transmiss\u00edveis e condi\u00e7\u00f5es cl\u00ednicas especiais.<\/p>\n\n\n\n<p>Locais de vacina\u00e7\u00e3o:<\/p>\n\n\n\n<p>Influenza:<\/p>\n\n\n\n<ul class=\"wp-block-list\"><li>Centro De Sa\u00fade<\/li><li>Terminal Rodovi\u00e1rio Centro<\/li><li>PSF Alto Da Serra<br>-UBS Morin<br>-UBS Alto Independ\u00eancia<br>-UBS Quitandinha<br>-PSF Sant\u00edssima Trindade<br>-PSF Bairro Castrioto<br>-PSF Comunidade S\u00e3o Jo\u00e3o Batista<br>-UBS Mosela<br>-PSF Moinho Preto<br>-PSF Pedras Brancas<br>-Ambulat\u00f3rio Escola<br>-UBS Itamarati<br>-Ambulat\u00f3rio Hospital Alcides Carneiro<br>-PSF Carangola<br>-PSF Vale Do Carangola<br>-PSF Fazenda Inglesa<br>-UBS Araras<br>-PSF \u00c1guas Lindas<br>-UBS Itaipava<br>-PSF Comunidade Primeiro De Maio<br>-UBS Pedro Do Rio<br>-PSF Secret\u00e1rio<br>-PSF Posse<br>-PSF Brejal<br>-PSF Caxambu Santa Isabel<br>-PSF Meio Da Serra<br>-PSF Vila Felipe<br>-PSF Dr Thouzet<br>-PSF C M Jesus De Praga<br>-PSF Batallard<br>-PSF Vale Das Videiras<br>-PSF 24 De Maio<br>-PSF Alto Sim\u00e9ria<br>-PSF Vila Sa\u00fade<br>-PSF Castelo S\u00e3o Manoel<br>-PSF Bonfim<br>-PSF Vila Rica<br>-PSF S\u00e3o Sebasti\u00e3o<br>-PSF Amazonas<br>-Escola Liceu Municipal Carlos Chagas Filho<br>-Escola Municipal Ana Mohammad<\/li><\/ul>\n\n\n\n<p>Sarampo:<\/p>\n\n\n\n<p>Centro de Sa\u00fade<br>PSF Alto da Serra<br>UBS Morin<br>UBS Alto Independ\u00eancia<br>UBS Quitandinha<br>UBS Mosela<br>Ambulat\u00f3rio Escola<br>UBS Itamarati<br>Hospital Alcides Carneiro<br>UBS Araras<br>UBS Itaipava<br>UBS Pedro Do Rio<br>PSF Posse<\/p>\n","protected":false},"excerpt":{"rendered":"<p>Acontece neste s\u00e1bado o Dia D da campanha de vacina\u00e7\u00e3o contra a Influenza. \u00c9 importante<\/p>\n","protected":false},"author":2,"featured_media":37459,"comment_status":"open","ping_status":"open","sticky":true,"template":"","format":"standard","meta":{"footnotes":""},"categories":[12,13],"tags":[],"class_list":["post-37458","post","type-post","status-publish","format-standard","has-post-thumbnail","hentry","category-cidade","category-saude"],"_links":{"self":[{"href":"https:\/\/tvc16.com\/portal\/wp-json\/wp\/v2\/posts\/37458","targetHints":{"allow":["GET"]}}],"collection":[{"href":"https:\/\/tvc16.com\/portal\/wp-json\/wp\/v2\/posts"}],"about":[{"href":"https:\/\/tvc16.com\/portal\/wp-json\/wp\/v2\/types\/post"}],"author":[{"embeddable":true,"href":"https:\/\/tvc16.com\/portal\/wp-json\/wp\/v2\/users\/2"}],"replies":[{"embeddable":true,"href":"https:\/\/tvc16.com\/portal\/wp-json\/wp\/v2\/comments?post=37458"}],"version-history":[{"count":1,"href":"https:\/\/tvc16.com\/portal\/wp-json\/wp\/v2\/posts\/37458\/revisions"}],"predecessor-version":[{"id":37460,"href":"https:\/\/tvc16.com\/portal\/wp-json\/wp\/v2\/posts\/37458\/revisions\/37460"}],"wp:featuredmedia":[{"embeddable":true,"href":"https:\/\/tvc16.com\/portal\/wp-json\/wp\/v2\/media\/37459"}],"wp:attachment":[{"href":"https:\/\/tvc16.com\/portal\/wp-json\/wp\/v2\/media?parent=37458"}],"wp:term":[{"taxonomy":"category","embeddable":true,"href":"https:\/\/tvc16.com\/portal\/wp-json\/wp\/v2\/categories?post=37458"},{"taxonomy":"post_tag","embeddable":true,"href":"https:\/\/tvc16.com\/portal\/wp-json\/wp\/v2\/tags?post=37458"}],"curies":[{"name":"wp","href":"https:\/\/api.w.org\/{rel}","templated":true}]}}