{"id":37462,"date":"2022-06-04T09:00:00","date_gmt":"2022-06-04T12:00:00","guid":{"rendered":"https:\/\/tvc16.com\/portal\/?p=37462"},"modified":"2022-06-03T23:00:21","modified_gmt":"2022-06-04T02:00:21","slug":"comemoracoes-do-bicentenario-da-independencia-comecam-em-petropolis-com-lancamento-de-website","status":"publish","type":"post","link":"https:\/\/tvc16.com\/portal\/2022\/06\/04\/comemoracoes-do-bicentenario-da-independencia-comecam-em-petropolis-com-lancamento-de-website\/","title":{"rendered":"Comemora\u00e7\u00f5es do bicenten\u00e1rio da Independ\u00eancia come\u00e7am em Petr\u00f3polis com lan\u00e7amento de website"},"content":{"rendered":"\n<p><em>Evento foi promovido pela Prefeitura em parceria com o Senado Federal<\/em><\/p>\n\n\n\n<p>Petr\u00f3polis foi palco, na manh\u00e3 desta sexta-feira (3), do primeiro evento das comemora\u00e7\u00f5es do Bicenten\u00e1rio da Independ\u00eancia do Brasil, com o lan\u00e7amento do website \u201cItiner\u00e1rios Virtuais da Independ\u00eancia\u201d. O evento aconteceu no audit\u00f3rio da Universidade Cat\u00f3lica de Petr\u00f3polis (UCP) e contou com a participa\u00e7\u00e3o do prefeito Rubens Bomtempo; do governador Claudio Castro; do presidente do Senado, Rodrigo Pacheco; e dos senadores Randolfe Rodrigues, Carlos Portinho e Jean-Paul Prates. Alunos da Escola Municipal Maria Campos da Silva tamb\u00e9m participaram do evento.<\/p>\n\n\n\n<figure class=\"wp-block-image size-large\"><img loading=\"lazy\" decoding=\"async\" width=\"1024\" height=\"682\" src=\"https:\/\/tvc16.com\/portal\/wp-content\/uploads\/2022\/06\/WhatsApp-Image-2022-06-03-at-19.03.38-1024x682.jpeg\" alt=\"\" class=\"wp-image-37464\" srcset=\"https:\/\/tvc16.com\/portal\/wp-content\/uploads\/2022\/06\/WhatsApp-Image-2022-06-03-at-19.03.38-1024x682.jpeg 1024w, https:\/\/tvc16.com\/portal\/wp-content\/uploads\/2022\/06\/WhatsApp-Image-2022-06-03-at-19.03.38-300x200.jpeg 300w, https:\/\/tvc16.com\/portal\/wp-content\/uploads\/2022\/06\/WhatsApp-Image-2022-06-03-at-19.03.38-768x512.jpeg 768w, https:\/\/tvc16.com\/portal\/wp-content\/uploads\/2022\/06\/WhatsApp-Image-2022-06-03-at-19.03.38-900x600.jpeg 900w, https:\/\/tvc16.com\/portal\/wp-content\/uploads\/2022\/06\/WhatsApp-Image-2022-06-03-at-19.03.38.jpeg 1280w\" sizes=\"auto, (max-width: 1024px) 100vw, 1024px\" \/><\/figure>\n\n\n\n<p>\u201c\u00c9 uma alegria saber desse envolvimento do parlamento, que assumiu a lideran\u00e7a nas comemora\u00e7\u00f5es pelo bicenten\u00e1rio. Essa hist\u00f3ria precisa ser recontada e precisamos saber como contar, pois ela precisa ser explicada de diversas formas para que, amanh\u00e3, possamos dizer que temos um pa\u00eds livre, soberano e independente; e que estamos construindo um legado que vai ficar para as pr\u00f3ximas gera\u00e7\u00f5es\u201d, disse o prefeito Rubens Bomtempo.<\/p>\n\n\n\n<p>O website \u201cItiner\u00e1rios Virtuais da Independ\u00eancia\u201d \u00e9 produto em coopera\u00e7\u00e3o com o Projeto Rep\u00fablica da Universidade Federal de Minas Gerais (UFMG). A p\u00e1gina apresenta hist\u00f3rias sobre o processo que conduziu \u00e0 Independ\u00eancia do Brasil, a partir das diferen\u00e7as regionais, diversidade de projetos, negocia\u00e7\u00f5es e conflitos pol\u00edticos e militares.<\/p>\n\n\n\n<figure class=\"wp-block-image size-large\"><img loading=\"lazy\" decoding=\"async\" width=\"1024\" height=\"682\" src=\"https:\/\/tvc16.com\/portal\/wp-content\/uploads\/2022\/06\/WhatsApp-Image-2022-06-03-at-19.03.39-1024x682.jpeg\" alt=\"\" class=\"wp-image-37465\" srcset=\"https:\/\/tvc16.com\/portal\/wp-content\/uploads\/2022\/06\/WhatsApp-Image-2022-06-03-at-19.03.39-1024x682.jpeg 1024w, https:\/\/tvc16.com\/portal\/wp-content\/uploads\/2022\/06\/WhatsApp-Image-2022-06-03-at-19.03.39-300x200.jpeg 300w, https:\/\/tvc16.com\/portal\/wp-content\/uploads\/2022\/06\/WhatsApp-Image-2022-06-03-at-19.03.39-768x512.jpeg 768w, https:\/\/tvc16.com\/portal\/wp-content\/uploads\/2022\/06\/WhatsApp-Image-2022-06-03-at-19.03.39-900x600.jpeg 900w, https:\/\/tvc16.com\/portal\/wp-content\/uploads\/2022\/06\/WhatsApp-Image-2022-06-03-at-19.03.39.jpeg 1280w\" sizes=\"auto, (max-width: 1024px) 100vw, 1024px\" \/><\/figure>\n\n\n\n<p>O presidente do Senado Federal, Rodrigo Pacheco destacou que Petr\u00f3polis \u00e9 uma cidade emblem\u00e1tica no que se refere \u00e0 Independ\u00eancia do Brasil. \u201cAssim que come\u00e7aram as primeiras conversas sobre as celebra\u00e7\u00f5es do bicenten\u00e1rio logo pensamos em fazer o primeiro evento aqui em Petr\u00f3polis. Estamos na cidade de Pedro e Petr\u00f3polis faz parte na constru\u00e7\u00e3o do Brasil\u201d, ressaltou Pacheco.<\/p>\n\n\n\n<p>A Comiss\u00e3o Especial Curadora do Senado Federal, que tem o senador Randolfe Rodrigues como presidente, \u00e9 a respons\u00e1vel pelas celebra\u00e7\u00f5es do Bicenten\u00e1rio da Independ\u00eancia. \u201cN\u00e3o existe identidade sem hist\u00f3ria\u201d, ressaltou o senador. \u201cNesta data de hoje celebramos a abertura das efem\u00e9rides, das refer\u00eancias ao bicenten\u00e1rio da Independ\u00eancia. Esses 200 anos n\u00e3o podem ficar sem as refer\u00eancias a serem contadas para a constru\u00e7\u00e3o da sociedade enquanto p\u00e1tria, que n\u00e3o existe sem identidade. A forma\u00e7\u00e3o de uma na\u00e7\u00e3o independente n\u00e3o foi uma obra \u00e0 toa. Foi o resultado de um processo de luta para construir uma na\u00e7\u00e3o\u201d, acrescentou Randolfe.<\/p>\n\n\n\n<p>A comiss\u00e3o especial do Senado vem implantando a\u00e7\u00f5es voltadas para a data comemorativa que, ter\u00e1 o ponto alto no dia 8 de setembro, durante sess\u00e3o no Congresso Nacional, em Bras\u00edlia. \u201cN\u00e3o tem como olhar para frente sem resgatarmos o passado. \u00c9 muito relevante para o Estado do Rio quando o Senado escolhe uma cidade como Petr\u00f3polis para representar o nosso pa\u00eds\u201d, disse o governador Claudio Castro.<\/p>\n\n\n\n<p>O website oferecer\u00e1 recursos interativos, com ambientes de imers\u00e3o, espa\u00e7os de leitura, exibi\u00e7\u00e3o de v\u00eddeos, iconografia, podcasts e documentos com o prop\u00f3sito de fornecer uma pluralidade de conte\u00fados hist\u00f3ricos e culturais para difundir conhecimento e estimular o acesso do p\u00fablico n\u00e3o especializado \u00e0 hist\u00f3ria da Independ\u00eancia do Brasil.<\/p>\n\n\n\n<p>A historiadora e professora da UFMG Heloisa Starling foi quem apresentou o website. \u201c\u00c9 uma hist\u00f3ria muito rica e muito diferente do que estamos acostumados\u201d, disse Heloisa durante a apresenta\u00e7\u00e3o.<\/p>\n","protected":false},"excerpt":{"rendered":"<p>Evento foi promovido pela Prefeitura em parceria com o Senado Federal Petr\u00f3polis foi palco, na<\/p>\n","protected":false},"author":2,"featured_media":37463,"comment_status":"open","ping_status":"open","sticky":true,"template":"","format":"standard","meta":{"footnotes":""},"categories":[12,21,15],"tags":[],"class_list":["post-37462","post","type-post","status-publish","format-standard","has-post-thumbnail","hentry","category-cidade","category-cultura","category-politica"],"_links":{"self":[{"href":"https:\/\/tvc16.com\/portal\/wp-json\/wp\/v2\/posts\/37462","targetHints":{"allow":["GET"]}}],"collection":[{"href":"https:\/\/tvc16.com\/portal\/wp-json\/wp\/v2\/posts"}],"about":[{"href":"https:\/\/tvc16.com\/portal\/wp-json\/wp\/v2\/types\/post"}],"author":[{"embeddable":true,"href":"https:\/\/tvc16.com\/portal\/wp-json\/wp\/v2\/users\/2"}],"replies":[{"embeddable":true,"href":"https:\/\/tvc16.com\/portal\/wp-json\/wp\/v2\/comments?post=37462"}],"version-history":[{"count":1,"href":"https:\/\/tvc16.com\/portal\/wp-json\/wp\/v2\/posts\/37462\/revisions"}],"predecessor-version":[{"id":37466,"href":"https:\/\/tvc16.com\/portal\/wp-json\/wp\/v2\/posts\/37462\/revisions\/37466"}],"wp:featuredmedia":[{"embeddable":true,"href":"https:\/\/tvc16.com\/portal\/wp-json\/wp\/v2\/media\/37463"}],"wp:attachment":[{"href":"https:\/\/tvc16.com\/portal\/wp-json\/wp\/v2\/media?parent=37462"}],"wp:term":[{"taxonomy":"category","embeddable":true,"href":"https:\/\/tvc16.com\/portal\/wp-json\/wp\/v2\/categories?post=37462"},{"taxonomy":"post_tag","embeddable":true,"href":"https:\/\/tvc16.com\/portal\/wp-json\/wp\/v2\/tags?post=37462"}],"curies":[{"name":"wp","href":"https:\/\/api.w.org\/{rel}","templated":true}]}}