{"id":37467,"date":"2022-06-04T12:00:00","date_gmt":"2022-06-04T15:00:00","guid":{"rendered":"https:\/\/tvc16.com\/portal\/?p=37467"},"modified":"2022-06-03T23:16:36","modified_gmt":"2022-06-04T02:16:36","slug":"prefeitura-debate-o-papel-da-saude-e-da-educacao-na-luta-contra-o-racismo","status":"publish","type":"post","link":"https:\/\/tvc16.com\/portal\/2022\/06\/04\/prefeitura-debate-o-papel-da-saude-e-da-educacao-na-luta-contra-o-racismo\/","title":{"rendered":"Prefeitura debate o papel da sa\u00fade e da educa\u00e7\u00e3o na luta contra o racismo"},"content":{"rendered":"\n<p>A Prefeitura, por meio da Coordenadoria de Promo\u00e7\u00e3o da Igualdade Racial, promover\u00e1 neste s\u00e1bado (4) o terceiro encontro de di\u00e1logos da s\u00e9rie &#8220;Por uma Petr\u00f3polis Antirracista&#8221;. Ser\u00e3o duas mesas de debates. A primeira, sobre sa\u00fade mental e f\u00edsica da popula\u00e7\u00e3o negra. A segunda discutir\u00e1 uma educa\u00e7\u00e3o antirracista.<\/p>\n\n\n\n<p>O evento ser\u00e1 realizado Centro de Cultura Raul de Leoni, no Centro, a partir das 14h. Ser\u00e1 a \u00faltima etapa desse ciclo de di\u00e1logos neste ano, totalizando tr\u00eas encontros com cinco di\u00e1logos. A proposta \u00e9 que, ao fim desse ciclo, a partir do que foi debatido, a coordenadoria crie novas ferramentas e instrumentos para a luta contra o racismo em Petr\u00f3polis.<\/p>\n\n\n\n<p>&#8220;Ficou muito evidente ao longo dos encontros anteriores o qu\u00e3o urgente e necess\u00e1ria para a cidade \u00e9 a campanha antirracista. Uma luta que garante n\u00e3o s\u00f3 a seguran\u00e7a, como a vida da popula\u00e7\u00e3o negra. E \u00e9 uma campanha que precisa de muitos bra\u00e7os, da popula\u00e7\u00e3o, da sociedade civil, do poder p\u00fablico, para trabalharmos a sa\u00fade, a educa\u00e7\u00e3o, quest\u00f5es jur\u00eddicas e at\u00e9 o meio ambiente dentro dessa pauta&#8221;, disse o coordenador de Promo\u00e7\u00e3o da Igualdade Racial, Filipe Graciano.<\/p>\n\n\n\n<p>POR UMA PETR\u00d3POLIS ANTIRRACISTA<\/p>\n\n\n\n<p>Local: Teatro Afonso Arinos, Centro de Cultura Raul de Leoni, Centro, Petr\u00f3polis<br>Quando: S\u00e1bado (4 de junho)<br>14h &#8211; A sa\u00fade mental e f\u00edsica da popula\u00e7\u00e3o negra: e depois do dia 13 de maio? (Elabora\u00e7\u00e3o de Ferramentas Antirracistas)<br>16h &#8211; Por uma educa\u00e7\u00e3o antirracista: desafios para promov\u00ea-la em Petr\u00f3polis (Elabora\u00e7\u00e3o de Ferramentas Antirracistas)<\/p>\n\n\n\n<p>Debatedores:<\/p>\n\n\n\n<p>A sa\u00fade mental e f\u00edsica da popula\u00e7\u00e3o negra: e depois do dia 13 de maio?<br>A partir das 14h, com:<\/p>\n\n\n\n<p>\u2022 CAROLINE DOS SANTOS BRASIL<br>Enfermeira pela UERJ, formada em Resid\u00eancia em Aten\u00e7\u00e3o B\u00e1sica pela FASE, Enfermeira DANT (Doen\u00e7as e Agravos N\u00e3o Transmiss\u00edveis) respons\u00e1vel pela pasta de Sa\u00fade da Popula\u00e7\u00e3o Negra;<br>\u2022 ADRIANA CATARINA DA COSTA<br>Administradora pela UNESA, Especialista em Doc\u00eancia no Ensino Superior, Especialista em Gest\u00e3o P\u00fablica, formanda em Ci\u00eancias Cont\u00e1beis. Diretora do Departamento de Recursos Humanos e Gest\u00e3o de Pessoas da Secretaria de Sa\u00fade;<br>\u2022 MARCIA VARRICCHIO<br>M\u00e9dica, fitoterapeuta e homeopata, Promove a promo\u00e7\u00e3o \u00e0 Sa\u00fade Mental atrav\u00e9s de Difus\u00e3o Cultural e dos Direitos de Grupamentos Tradicionais \u00c9tnicos Urbanos no RJ.Professora Adjunta da Faculdade de Medicina de Petr\u00f3polis;<br>\u2022 MARYANA MENDES<br>Estudante do 6\u00ba per\u00edodo de Medicina pela FMP, 24 anos, Rio de Janeiro.<br>\u2022 NATHALIA GON\u00c7ALVES<br>Estudante do 4\u00ba per\u00edodo de Medicina pela FMP; Membro do coletivo de m\u00e9dicos e estudantes de medicina negros &#8211; NEGREX; Presidente da Liga de fisiologia e fisiopatologia Humana Unifase; Secretaria da Liga de neurologia e neurocirurgia FMP; Diretora de eventos da liga de semiologia FMP; Integrante da equipe cient\u00edfica da olimp\u00edada de medicina do Albert einstein &#8211; ficsae (faculdade israelita de ci\u00eancias da sa\u00fade Albert einstein);<\/p>\n\n\n\n<p>Por uma educa\u00e7\u00e3o antirracista: desafios para promov\u00ea-la em Petr\u00f3polis<br>A partir das 16h, com:<\/p>\n\n\n\n<p>\u2022 PROFESSOR BETO CARVALHO<br>Historiador experiente na \u00e1rea de Educa\u00e7\u00e3o, com \u00eanfase em did\u00e1tica e africanidades. Doutor em educa\u00e7\u00e3o. Professor do Instituto Multidisciplinar e do Programa de P\u00f3s-Gradua\u00e7\u00e3o em Educa\u00e7\u00e3o, em Contextos Contempor\u00e2neos e Demandas Populares da Universidade Federal Rural do Rio de Janeiro UFRRJ.<br>\u2022 ADRIANA RANGEL<br>Servidora P\u00fablica na Rede Municipal. Pedagoga, assistente social. Especialista nas \u00e1reas de educa\u00e7\u00e3o e de Pol\u00edticas P\u00fablicas. P\u00f3s-graduanda em Pedagogia Social e Empresarial. Militante e ativista negra.<br>\u2022 PROFESSOR Z\u00c9 LUIZ<br>Graduado e Licenciado em hist\u00f3ria, mestre em Ci\u00eancias Sociais, especialista em empreendedorismo e Doutorando em Educa\u00e7\u00e3o. Atuou como Secret\u00e1rio de Educa\u00e7\u00e3o de Petr\u00f3polis (2021), como coordenador da Escola Popular de Petr\u00f3polis e do N\u00facleo da Educafro\/Petr\u00f3polis. \u00c9 coordenador de gabinete do vereador Yuri Moura (Petr\u00f3polis\/PSOL) e professor volunt\u00e1rio no Pr\u00e9 Vestibular Comunit\u00e1rio Ganga Zumba (Pra\u00e7a Seca).<br>\u2022 SILVIA FERNANDA<br>Estudante de Direito da Universidade Cat\u00f3lica de Petr\u00f3polis (UCP), dirigente da Uni\u00e3o da Juventude Socialista (UJS), militante antirracista e representante da UNE na cidade e no CMJ e CONDIM<br>\u2022 ANDRESA DE BRITTO CHAVES<br>Coordenadora Administrativa Pedag\u00f3gica de Projetos na Secretaria de Educa\u00e7\u00e3o de Petr\u00f3polis. Professora; Pedagoga; Gestora Educacional; Supervisora de Ensino, P\u00f3s Graduada em Neuroci\u00eancia;<br>\u2022 CEC\u00cdLIA PINHEIRO RIBEIRO<br>Chefe do Departamento de Ensino Fundamental da Rede Municipal de Petr\u00f3polis, formadora da EcoHabitare. M\u00e3e de tr\u00eas filhos, escritora de livros infantis, educadora motivada pelas pr\u00e1ticas estruturas em inova\u00e7\u00e3o educacional e com potencial de transforma\u00e7\u00e3o social.<\/p>\n","protected":false},"excerpt":{"rendered":"<p>A Prefeitura, por meio da Coordenadoria de Promo\u00e7\u00e3o da Igualdade Racial, promover\u00e1 neste s\u00e1bado (4)<\/p>\n","protected":false},"author":2,"featured_media":37468,"comment_status":"open","ping_status":"open","sticky":true,"template":"","format":"standard","meta":{"footnotes":""},"categories":[12,21,264,15],"tags":[],"class_list":["post-37467","post","type-post","status-publish","format-standard","has-post-thumbnail","hentry","category-cidade","category-cultura","category-destaque","category-politica"],"_links":{"self":[{"href":"https:\/\/tvc16.com\/portal\/wp-json\/wp\/v2\/posts\/37467","targetHints":{"allow":["GET"]}}],"collection":[{"href":"https:\/\/tvc16.com\/portal\/wp-json\/wp\/v2\/posts"}],"about":[{"href":"https:\/\/tvc16.com\/portal\/wp-json\/wp\/v2\/types\/post"}],"author":[{"embeddable":true,"href":"https:\/\/tvc16.com\/portal\/wp-json\/wp\/v2\/users\/2"}],"replies":[{"embeddable":true,"href":"https:\/\/tvc16.com\/portal\/wp-json\/wp\/v2\/comments?post=37467"}],"version-history":[{"count":1,"href":"https:\/\/tvc16.com\/portal\/wp-json\/wp\/v2\/posts\/37467\/revisions"}],"predecessor-version":[{"id":37469,"href":"https:\/\/tvc16.com\/portal\/wp-json\/wp\/v2\/posts\/37467\/revisions\/37469"}],"wp:featuredmedia":[{"embeddable":true,"href":"https:\/\/tvc16.com\/portal\/wp-json\/wp\/v2\/media\/37468"}],"wp:attachment":[{"href":"https:\/\/tvc16.com\/portal\/wp-json\/wp\/v2\/media?parent=37467"}],"wp:term":[{"taxonomy":"category","embeddable":true,"href":"https:\/\/tvc16.com\/portal\/wp-json\/wp\/v2\/categories?post=37467"},{"taxonomy":"post_tag","embeddable":true,"href":"https:\/\/tvc16.com\/portal\/wp-json\/wp\/v2\/tags?post=37467"}],"curies":[{"name":"wp","href":"https:\/\/api.w.org\/{rel}","templated":true}]}}